{"id":7362,"date":"2019-12-16T12:07:33","date_gmt":"2019-12-16T11:07:33","guid":{"rendered":"https:\/\/www.vtei.cz\/?p=7362"},"modified":"2024-07-17T09:33:48","modified_gmt":"2024-07-17T08:33:48","slug":"rozhovor-s-rndr-evou-kockovou-dlouholetou-pracovnici-vuv-tgm-v-oboru-hydrochemie-a-hodnoceni-jakosti-vod","status":"publish","type":"post","link":"https:\/\/www.vtei.cz\/en\/2019\/12\/rozhovor-s-rndr-evou-kockovou-dlouholetou-pracovnici-vuv-tgm-v-oboru-hydrochemie-a-hodnoceni-jakosti-vod\/","title":{"rendered":"Interview with RNDr. Eva Ko\u010dkov\u00e1, a long-time employee of TGM WRI in the field of hydrochemistry and water quality assessment"},"content":{"rendered":"<h4>This article is available in Czech only. For translation or more information on this topic, please contact author.<\/h4>\n<p>&nbsp;<\/p>\n<h4>\u201eVoda\u201c jako nenahraditeln\u00fd p\u0159\u00edrodn\u00ed zdroj \u017eivota V\u00e1s prov\u00e1zela celou Va\u0161\u00ed profesn\u00ed kari\u00e9rou, kterou jste zapo\u010dala hned po dokon\u010den\u00ed studia organick\u00e9 chemie v\u00a0roce 1954 na brn\u011bnsk\u00e9 Masarykov\u011b universit\u011b (1953\u00a0\u2013 promovan\u00fd chemik\u00a0\u2013 UJEP Brno; 1969\u00a0\u2013 RNDr.\u00a0\u2013 UK Bratislava). Zaujalo V\u00e1s studium vodn\u00edho prost\u0159ed\u00ed ji\u017e na vysok\u00e9 \u0161kole nebo V\u00e1s upoutalo a\u017e v\u00a0praxi po n\u00e1stupu do V\u00fdzkumn\u00e9ho \u00fastavu vodohospod\u00e1\u0159sk\u00e9ho T. G. Masaryka, v. v. i., (V\u00daV TGM) v\u00a0roce 1954?<\/h4>\n<p>Problematika vodn\u00edho prost\u0159ed\u00ed mne zaujala ji\u017e na vysok\u00e9 \u0161kole, nepochybn\u011b d\u00edky absolvov\u00e1n\u00ed dvou prax\u00ed v\u00a0laborato\u0159\u00edch V\u00daV TGM. Nadchlo m\u011b, co v\u0161echno se d\u00e1 ze vzorku vody zjistit. Pr\u00e1ce mne upoutala i\u00a0svoj\u00ed rozmanitost\u00ed, kter\u00e1 zahrnovala jak pr\u00e1ci v\u00a0ter\u00e9nu, tak v\u00a0laborato\u0159i.<\/p>\n<a href=\"https:\/\/www.vtei.cz\/wp-content\/uploads\/2019\/12\/Rozhovor-2.jpg\" rel=\"shadowbox[sbpost-7362];player=img;\"><img decoding=\"async\" width=\"800\" height=\"620\" class=\"alignnone size-full wp-image-7303 lazyload\" data-src=\"https:\/\/www.vtei.cz\/wp-content\/uploads\/2019\/12\/Rozhovor-2.jpg\" alt=\"\" data-srcset=\"https:\/\/www.vtei.cz\/wp-content\/uploads\/2019\/12\/Rozhovor-2.jpg 800w, https:\/\/www.vtei.cz\/wp-content\/uploads\/2019\/12\/Rozhovor-2-300x233.jpg 300w, https:\/\/www.vtei.cz\/wp-content\/uploads\/2019\/12\/Rozhovor-2-768x595.jpg 768w\" data-sizes=\"(max-width: 800px) 100vw, 800px\" src=\"data:image\/svg+xml;base64,PHN2ZyB3aWR0aD0iMSIgaGVpZ2h0PSIxIiB4bWxucz0iaHR0cDovL3d3dy53My5vcmcvMjAwMC9zdmciPjwvc3ZnPg==\" style=\"--smush-placeholder-width: 800px; --smush-placeholder-aspect-ratio: 800\/620;\" \/><\/a>\n<h4>Ve V\u00daV TGM jste pracovala neuv\u011b\u0159iteln\u00fdch 51 let a\u017e do odchodu do d\u016fchodu v\u00a0roce 2005. Za dobu Va\u0161\u00ed praxe do\u0161lo k\u00a0velk\u00fdm technick\u00fdm pokrok\u016fm, kter\u00e9 musely p\u0159in\u00e9st zm\u011bny v\u00a0p\u0159\u00edstupu k\u00a0pr\u00e1ci. Kter\u00e9 zm\u011bny vn\u00edm\u00e1te jako nejv\u00fdznamn\u011bj\u0161\u00ed v\u00a0oboru hydrochemie a\u00a0jak\u00fd m\u011bly dopad na vlastn\u00ed hodnocen\u00ed jakosti vod?<\/h4>\n<p>Zm\u011bny byly velmi patrn\u00e9 v\u00a0analytice, kde se d\u00edky zdokonalen\u00e9 p\u0159\u00edstrojov\u00e9 technice v\u00fdznamn\u011b roz\u0161\u00ed\u0159il rozsah sledovan\u00fdch ukazatel\u016f, p\u0159esnost a\u00a0citlivost stanoven\u00ed. Dal\u0161\u00edm d\u016fle\u017eit\u00fdm faktorem pro n\u00e1\u0161 typ pr\u00e1ce bylo zv\u00fd\u0161en\u00ed po\u010dtu a\u00a0dostupnost slu\u017eebn\u00edch aut, kter\u00e9 umo\u017enilo v\u011bt\u0161\u00ed \u010detnost odb\u011br\u016f a\u00a0sledov\u00e1n\u00ed v\u011bt\u0161\u00edch \u00fazem\u00ed. D\u0159\u00edve jsem mnoho slu\u017eebn\u00edch cest musela absolvovat vlastn\u00edm \u201eaut\u00ed\u010dkem\u201c, proto\u017ee vozov\u00fd park slu\u017eebn\u00edch vozidel nebyl dosta\u010duj\u00edc\u00ed.<\/p>\n<p>Skokem ve zpracov\u00e1n\u00ed dat a\u00a0v\u00fdzkumn\u00fdch zpr\u00e1v byl n\u00e1stup po\u010d\u00edta\u010d\u016f. Zpo\u010d\u00e1tku mi d\u00e1valy dost zabrat, ale s\u00a0pomoc\u00ed \u0161ikovn\u00fdch koleg\u016f jsem s\u00a0nimi bojovala state\u010dn\u011b a\u00a0po\u010d\u00edta\u010d vyu\u017e\u00edv\u00e1m dodnes. Po\u010d\u00edta\u010dov\u00e1 technika nesm\u00edrn\u011b zv\u00fd\u0161ila rychlost a\u00a0komplexnost zpracov\u00e1n\u00ed dat, tvorbu graf\u016f, matematick\u00e9 a\u00a0statistick\u00e9 zpracov\u00e1n\u00ed v\u00fdsledk\u016f, jejich publikov\u00e1n\u00ed a\u00a0presentov\u00e1n\u00ed. Vrcholem byla doba internetu, kter\u00e1 zcela zm\u011bnila dostupnost informac\u00ed a\u00a0mo\u017enost jejich \u0161\u00ed\u0159en\u00ed.<\/p>\n<h4>Brn\u011bnsk\u00e1 pobo\u010dka V\u00daV TGM se za dobu sv\u00e9 70let\u00e9 existence v\u011bnovala mnoha vodohospod\u00e1\u0159sk\u00fdm problematik\u00e1m. Od Va\u0161eho n\u00e1stupu je v\u011bt\u0161ina t\u00e9mat t\u00fdkaj\u00edc\u00edch se jakosti vody spjata pr\u00e1v\u011b s\u00a0Va\u0161\u00edm jm\u00e9nem. Setkala jste se s\u00a0\u0159e\u0161en\u00edm mnoha konkr\u00e9tn\u00edch probl\u00e9m\u016f, spojen\u00fdch s\u00a0vyu\u017e\u00edv\u00e1n\u00edm vody pro pr\u016fmysl, zem\u011bd\u011blstv\u00ed, jako recipienty komun\u00e1ln\u00edho zne\u010di\u0161t\u011bn\u00ed apod. Za\u017eila jste dobu, kdy byla p\u0159\u00edroda \u201evys\u00e1v\u00e1na\u201c pro zv\u00fd\u0161en\u00ed \u017eivotn\u00ed \u00farovn\u011b \u010dlov\u011bka a\u00a0kdy pojem ochrana p\u0159\u00edrody nepat\u0159il mezi obl\u00edben\u00e9. Kter\u00e9 kauzy V\u00e1m s\u00a0odstupem \u010dasu p\u0159ipadaj\u00ed jako nejkriti\u010dt\u011bj\u0161\u00ed?<\/h4>\n<p>P\u0159\u00edkladem, ne zcela promy\u0161len\u00e9ho, vodohospod\u00e1\u0159sk\u00e9ho z\u00e1sahu do p\u0159\u00edrody a\u00a0krajiny byla stavba soustavy n\u00e1dr\u017e\u00ed Nov\u00e9 Ml\u00fdny na ji\u017en\u00ed Morav\u011b. V\u00fdzkumn\u00fd \u00fastav vodohospod\u00e1\u0159sk\u00fd T. G. Masaryka, v. v. i., byl u\u00a0prvotn\u00edch studi\u00ed (nap\u0159. 1964\u00a0\u2013 \u201eProm\u011bny jakosti akumulovan\u00e9 vody. P\u0159edpov\u011b\u010f jakosti vody v\u00a0n\u00e1dr\u017ei Nov\u00e9 Ml\u00fdny\u201c; 1967\u00a0\u2013 \u201eProgn\u00f3za jakosti vody v\u00a0n\u00e1dr\u017ei Nov\u00e9 Ml\u00fdny\u201c; 1975\u20131985 \u201eLimnologick\u00fd v\u00fdzkum are\u00e1lu n\u00e1dr\u017e\u00ed Nov\u00e9 Ml\u00fdny\u201c), jejich\u017e z\u00e1v\u011bry v\u00fdstavbu \u00fapln\u011b nepodporovaly. Politick\u00e1 v\u016fle v\u0161ak byla siln\u00e1 a\u00a0t\u0159i novoml\u00fdnsk\u00e9 n\u00e1dr\u017ee byly postaveny. O\u00a0jejich v\u00fdznamu a\u00a0\u00fa\u010delnosti stavby se dlouze polemizovalo, i\u00a0po v\u00fdstavb\u011b byly zad\u00e1v\u00e1ny \u0159ady studi\u00ed, na kter\u00fdch jsme se pod\u00edleli (nap\u0159. 1983\u00a0\u2013 \u201eN\u00e1vrh na postupn\u00e9 zlep\u0161en\u00ed \u010distoty vody vodn\u00edho d\u00edla Nov\u00e9 Ml\u00fdny\u201c; 1988\u00a0\u2013 \u201eV\u00fdvoj jakosti vody ve vtokov\u00fdch profilech a\u00a0vliv na pom\u011bry v\u00a0horn\u00ed a\u00a0st\u0159edn\u00ed n\u00e1dr\u017ei vodn\u00edho d\u00edla Nov\u00e9 Ml\u00fdny\u201c; 2003\u00a0\u2013 \u201eKomplexn\u00ed studie k\u00a0vodn\u00edmu d\u00edlu Nov\u00e9 Ml\u00fdny\u201c). O\u00a0Nov\u00fdch Ml\u00fdnech dnes existuje nesporn\u011b nejv\u00edce materi\u00e1l\u016f ze v\u0161ech n\u00e1dr\u017e\u00ed v\u00a0\u010cR, v\u010detn\u011b analytick\u00fdch dat o\u00a0jakosti vody.<\/p>\n<a href=\"https:\/\/www.vtei.cz\/wp-content\/uploads\/2019\/12\/Rozhovor-1.jpg\" rel=\"shadowbox[sbpost-7362];player=img;\"><img decoding=\"async\" width=\"800\" height=\"486\" class=\"alignnone size-full wp-image-7301 lazyload\" data-src=\"https:\/\/www.vtei.cz\/wp-content\/uploads\/2019\/12\/Rozhovor-1.jpg\" alt=\"\" data-srcset=\"https:\/\/www.vtei.cz\/wp-content\/uploads\/2019\/12\/Rozhovor-1.jpg 800w, https:\/\/www.vtei.cz\/wp-content\/uploads\/2019\/12\/Rozhovor-1-300x182.jpg 300w, https:\/\/www.vtei.cz\/wp-content\/uploads\/2019\/12\/Rozhovor-1-768x467.jpg 768w\" data-sizes=\"(max-width: 800px) 100vw, 800px\" src=\"data:image\/svg+xml;base64,PHN2ZyB3aWR0aD0iMSIgaGVpZ2h0PSIxIiB4bWxucz0iaHR0cDovL3d3dy53My5vcmcvMjAwMC9zdmciPjwvc3ZnPg==\" style=\"--smush-placeholder-width: 800px; --smush-placeholder-aspect-ratio: 800\/486;\" \/><\/a>\n<p>Dal\u0161\u00edm nepochopiteln\u00fdm p\u0159\u00edpadem byl rakousk\u00fd z\u00e1vod na v\u00fdrobu kyseliny citronov\u00e9, kter\u00fd byl v\u00a0dob\u00e1ch tzv. rakousk\u00e9ho \u201esocialismu\u201c v\u00a0roce 1962 postaven na p\u0159\u00edli\u0161 mal\u00e9m toku, nav\u00edc \u00fast\u00edc\u00edm do \u0159eky Dyje necel\u00fd kilometr od hranice s\u00a0\u010ceskoslovenskem.<\/p>\n<h4>V\u00a0dob\u011b totality se st\u00e1valo, \u017ee se k\u00a0n\u00e1m p\u0159es hranice dost\u00e1valo zne\u010di\u0161t\u011bn\u00ed, kter\u00e9 nebylo kv\u016fli \u201e\u017eelezn\u00e9 opon\u011b\u201c mo\u017en\u00e9 identifikovat. Zn\u00e1m\u00fdm p\u0159\u00edpadem je zm\u00edn\u011bn\u00e9 zne\u010di\u0161t\u011bn\u00ed \u0159eky Pulkavy, \u00fast\u00edc\u00ed do Dyje na kr\u00e1tk\u00e9m rakousk\u00e9m \u00faseku pobl\u00ed\u017e Hevl\u00edna. Jak se V\u00e1m poda\u0159ilo vyp\u00e1trat p\u016fvodce siln\u011b zne\u010di\u0161t\u011bn\u00fdch vod v\u00a0Dyji?<\/h4>\n<p>Prvn\u00ed odb\u011bry na \u010desk\u00e9m \u00fazem\u00ed pobl\u00ed\u017e hranic se poda\u0159ilo uskute\u010dnit v\u00a0roce 1959, kdy byly nam\u011b\u0159eny extr\u00e9mn\u011b vysok\u00e9 hodnoty organick\u00e9ho zne\u010di\u0161t\u011bn\u00ed (rozpu\u0161t\u011bn\u00e9ho kysl\u00edku (O<sub>2<\/sub>) = 1,68 mg\/l, biochemick\u00e9 spot\u0159eby kysl\u00edku (BSK<sub>5<\/sub>)\u00a0=\u00a0117\u00a0mg\/l; podle \u010desk\u00e9 normy byla voda ji\u017e p\u0159i BSK<sub>5<\/sub> &gt; 15 mg\/l za\u0159azena jako \u201evelmi siln\u011b zne\u010di\u0161t\u011bn\u00e1\u201c). Druh\u00fd odb\u011br p\u0159\u00edmo z\u00a0Pulkavy byl proveden v\u00a0roce 1963, kdy bylo dokonce stanoveno BSK<sub>5<\/sub> = 700 mg\/l! Tato \u010d\u00edsla sv\u011bd\u010dila o\u00a0masivn\u00edm zne\u010di\u0161\u0165ovateli na rakousk\u00e9m \u00fazem\u00ed. Mo\u017enost odb\u011br\u016f vzork\u016f za hranicemi byla d\u00edky tehdej\u0161\u00edmu st\u00e1tn\u00edmu re\u017eimu velice komplikovan\u00e1, znamenala d\u016fkladn\u00e9 prov\u011b\u0159en\u00ed p\u0159ed cestou a\u00a0trvalou kontrolu p\u0159i pohybu v\u00a0hrani\u010dn\u00edm \u00fazem\u00ed. Nejednou jsme se setkali s\u00a0nadm\u011brn\u011b ostra\u017eit\u00fdmi ochr\u00e1nci hranic, kte\u0159\u00ed na n\u00e1s po dobu odb\u011bru m\u00ed\u0159ili samopaly. Hled\u00e1n\u00ed zdroje zne\u010di\u0161t\u011bn\u00ed vy\u017eadovalo no\u010dn\u00ed a\u00a0denn\u00ed a\u017e 24hodinov\u00e9 odb\u011bry vzork\u016f. Vytrval\u00fdm monitoringem se poda\u0159ilo z\u00edskat v\u00edce informac\u00ed a\u00a0jako zdroj zne\u010di\u0161t\u011bn\u00ed ozna\u010dit \u0159eku Pulkavu a\u00a0rakousk\u00fd z\u00e1vod na v\u00fdrobu kyseliny citronov\u00e9 v\u00a0Pernhofenu. Pod vlivem zji\u0161t\u011bn\u00e9ho kritick\u00e9ho stavu Dyje na \u010desk\u00e9m \u00fazem\u00ed vyzvalo \u010desk\u00e9 ministerstvo rakouskou stranu, aby byla z\u0159\u00edzena mezist\u00e1tn\u00ed komise, zodpov\u011bdn\u00e1 za hrani\u010dn\u00ed vody s\u00a0Rakouskem, kter\u00e1 funguje dodnes. Po v\u00fdstavb\u011b dvou vysoce \u00fa\u010dinn\u00fdch \u010cOV v\u00a0letech 1986 a\u00a01990 se situace zlep\u0161ila. Odpady z\u00a0problematick\u00e9 v\u00fdroby v\u0161ak nebylo mo\u017en\u00e9 vy\u010distit ani nejlep\u0161\u00edmi dostupn\u00fdmi technologiemi a\u00a0voda v\u00a0Dyji m\u011bla st\u00e1le barvu Kofoly. Zlep\u0161en\u00ed p\u0159inesla a\u017e redukce v\u00fdroby cukru, jeho\u017e d\u016fsledkem byl nedostatek melasy, kter\u00e1 byla hlavn\u00ed v\u00fdrobn\u00ed surovinou. N\u00e1hrada melasy za kuku\u0159i\u010dn\u00fd \u0161krob v\u00a0roce 2007 sice neporovnateln\u011b sn\u00ed\u017eila zabarven\u00ed vody, v\u00fdznamn\u00e9 zne\u010di\u0161t\u011bn\u00ed je v\u0161ak odpadn\u00ed vodou p\u0159in\u00e1\u0161eno dodnes (od roku 2016 ji\u017e p\u0159\u00edmo do Dyje).<\/p>\n<a href=\"https:\/\/www.vtei.cz\/wp-content\/uploads\/2019\/12\/Rozhovor-3.jpg\" rel=\"shadowbox[sbpost-7362];player=img;\"><img decoding=\"async\" width=\"800\" height=\"1102\" class=\"alignnone size-full wp-image-7305 lazyload\" data-src=\"https:\/\/www.vtei.cz\/wp-content\/uploads\/2019\/12\/Rozhovor-3.jpg\" alt=\"\" data-srcset=\"https:\/\/www.vtei.cz\/wp-content\/uploads\/2019\/12\/Rozhovor-3.jpg 800w, https:\/\/www.vtei.cz\/wp-content\/uploads\/2019\/12\/Rozhovor-3-218x300.jpg 218w, https:\/\/www.vtei.cz\/wp-content\/uploads\/2019\/12\/Rozhovor-3-743x1024.jpg 743w, https:\/\/www.vtei.cz\/wp-content\/uploads\/2019\/12\/Rozhovor-3-768x1058.jpg 768w\" data-sizes=\"(max-width: 800px) 100vw, 800px\" src=\"data:image\/svg+xml;base64,PHN2ZyB3aWR0aD0iMSIgaGVpZ2h0PSIxIiB4bWxucz0iaHR0cDovL3d3dy53My5vcmcvMjAwMC9zdmciPjwvc3ZnPg==\" style=\"--smush-placeholder-width: 800px; --smush-placeholder-aspect-ratio: 800\/1102;\" \/><\/a>\n<h4>Dlouh\u00e1 etapa Va\u0161\u00ed profesn\u00ed \u010dinnosti je spjata s\u00a0hodnocen\u00edm vlivu jadern\u00e9 energetiky na jakost vod. Na dlouhodobou spolupr\u00e1ci s\u00a0Jadernou elektr\u00e1rnou Dukovany nav\u00e1zala spolupr\u00e1ce s\u00a0Jadernou elektr\u00e1rnou Temel\u00edn a\u00a0s\u00a0Uranov\u00fdmi doly v\u00a0Doln\u00ed Ro\u017e\u00ednce. Uk\u00e1zaly Va\u0161e v\u00fdsledky ovlivn\u011bn\u00ed povrchov\u00fdch vod radionuklidy?<\/h4>\n<p>Brn\u011bnsk\u00e9 pracovi\u0161t\u011b m\u011blo krom\u011b hydrochemick\u00fdch a\u00a0hydrobiologick\u00fdch laborato\u0159\u00ed tak\u00e9 radiologickou laborato\u0159 a\u00a0\u00fazce spolupracovalo se \u0161pi\u010dkov\u00fdm pra\u017esk\u00fdm radiologick\u00fdm pracovi\u0161t\u011bm V\u00daV TGM. D\u00edky tomu byla v\u00a0Brn\u011b od 60.\u00a0let \u0159e\u0161ena problematika ovlivn\u011bn\u00ed povrchov\u00fdch vod odpady z\u00a0jadern\u00e9ho pr\u016fmyslu. Do povrchov\u00fdch vod se odpadn\u00edmi vodami z\u00a0jadern\u00fdch elektr\u00e1ren dost\u00e1v\u00e1 zejm\u00e9na tritium a\u00a0jsou zat\u00ed\u017eeny vysok\u00fdm obsahem anorganick\u00fdch sol\u00ed. \u010cesk\u00e9 limity byly za doby m\u00e9ho p\u016fsoben\u00ed p\u0159ev\u00e1\u017en\u011b dodr\u017eov\u00e1ny. Na profilech, ovlivn\u011bn\u00fdch t\u011b\u017ebou uranu, bylo naopak zji\u0161t\u011bno negativn\u00ed p\u016fsoben\u00ed prob\u00edhaj\u00edc\u00ed t\u011b\u017eby a\u00a0souvisej\u00edc\u00edch ekologick\u00fdch z\u00e1t\u011b\u017e\u00ed z\u00a0t\u011b\u017eby v\u00a0minul\u00fdch letech na \u017eivotn\u00ed prost\u0159ed\u00ed. Ob\u011b \u010desk\u00e9 jadern\u00e9 elektr\u00e1rny jsou napojeny na syst\u00e9my p\u0159ehradn\u00edch n\u00e1dr\u017e\u00ed (Dukovany na vodn\u00ed n\u00e1dr\u017ee Mohelno a\u00a0Dale\u0161ice; Temel\u00edn na vodn\u00ed n\u00e1dr\u017ee Hn\u011bvkovice, Ko\u0159ensko a\u00a0Orl\u00edk), proto n\u00e1s zaj\u00edmal tak\u00e9 vliv oteplen\u00fdch odpadn\u00edch vod na vertik\u00e1ln\u00ed zonaci teploty a\u00a0kysl\u00edku v\u00a0n\u00e1dr\u017e\u00edch. Na \u017e\u00e1dost JE Dukovany byly v\u00a0roce 2000 \u0159e\u0161eny probl\u00e9my zar\u016fst\u00e1n\u00ed chladic\u00edch v\u011b\u017e\u00ed, koroze potrub\u00ed a\u00a0dal\u0161\u00edch provozn\u00edch syst\u00e9m\u016f, spojen\u00fdch s\u00a0jakost\u00ed vody odeb\u00edran\u00e9 z\u00a0n\u00e1dr\u017ee.<\/p>\n<h4>Za Va\u0161eho p\u016fsoben\u00ed v brn\u011bnsk\u00e9 pobo\u010dce V\u00daV TGM se pracovi\u0161t\u011b n\u011bkolikr\u00e1t st\u011bhovalo. Kter\u00e9 p\u016fsobi\u0161t\u011b poskytovalo nejlep\u0161\u00ed pracovn\u00ed z\u00e1zem\u00ed pro provoz laborato\u0159\u00ed?<\/h4>\n<p>Moje prvn\u00ed p\u016fsobi\u0161t\u011b bylo v\u00a0budov\u011b na Dominik\u00e1nsk\u00e9m n\u00e1m\u011bst\u00ed v\u00a0Brn\u011b, kde jsme se o\u00a0prostory v\u00a0jednom pat\u0159e d\u011blili s\u00a0Vodohospod\u00e1\u0159sk\u00fdm rozvojem a\u00a0v\u00fdstavbou. Zde byly z\u0159\u00edzeny prvn\u00ed vodohospod\u00e1\u0159sk\u00e9 laborato\u0159e\u00a0\u2013 hydrochemick\u00e9, hydrobiologick\u00e9 i\u00a0mikrobiologick\u00e9. Daleko lep\u0161\u00ed podm\u00ednky m\u011bly laborato\u0159e v\u00a0budov\u011b na D\u0159eva\u0159sk\u00e9 12, kde jim byly vy\u010dlen\u011bny dv\u011b patra. Nepochybn\u011b nejlep\u0161\u00ed z\u00e1zem\u00ed a\u00a0modern\u00ed p\u0159\u00edstrojov\u00e9 vybaven\u00ed, umo\u017e\u0148uj\u00edc\u00ed \u0161irok\u00e9 spektrum stanoven\u00ed, maj\u00ed sou\u010dasn\u00e9 laborato\u0159e v\u00a0nov\u00e9 budov\u011b na Mojm\u00edrov\u011b n\u00e1m\u011bst\u00ed 16, kde jsem \u010dast\u00fdm hostem.<\/p>\n<h4>Va\u0161\u00ed posledn\u00ed pracovn\u00ed aktivitou byla (ji\u017e extern\u00ed) spolupr\u00e1ce na projektu \u201eZatopen\u00e9 kulturn\u00ed a\u00a0p\u0159\u00edrodn\u00ed d\u011bdictv\u00ed ji\u017en\u00ed Moravy\u201c v\u00a0letech 2013\u20132016. Jak se V\u00e1m l\u00edbila pr\u00e1ce s\u00a0odli\u0161n\u00fdm zam\u011b\u0159en\u00edm a\u00a0jak hodnot\u00edte v\u00fdsledky projektu, v\u00fdstavu a\u00a0knihu?<\/h4>\n<p>Pr\u00e1ce na projektu byla pro mne v\u00fdzvou, proto\u017ee jsem mohla b\u00fdt u\u017eite\u010dn\u00e1 sv\u00fdmi dlouholet\u00fdmi zku\u0161enostmi v\u00a0oboru. Sou\u010d\u00e1st\u00ed projektu byla datab\u00e1ze pou\u017eit\u00fdch materi\u00e1l\u016f, do kter\u00e9 jsem v\u00fdznamn\u011b p\u0159isp\u011bla a\u00a0sou\u010dasn\u011b si doma uvolnila sk\u0159\u00edn\u011b, napln\u011bn\u00e9 v\u00fdzkumn\u00fdmi zpr\u00e1vami a\u00a0podklady. V\u00fdstupy projektu se velmi povedly, jak v\u00fdstava, tak velmi p\u011bkn\u00e1 kniha. Velice mne pot\u011b\u0161ilo, \u017ee materi\u00e1ly, pou\u017eit\u00e9 p\u0159i zpracov\u00e1n\u00ed projektu, byly p\u0159ed\u00e1ny do Moravsk\u00e9ho zemsk\u00e9ho archivu, a\u00a0t\u00edm zachov\u00e1ny pro budouc\u00ed generace.<\/p>\n<p>Na z\u00e1v\u011br bych r\u00e1da vyslovila p\u0159\u00e1n\u00ed, aby moje l\u00e1ska k\u00a0profesi na\u0161la pokra\u010dovatele.<\/p>\n<p>&nbsp;<\/p>\n<p>D\u011bkuji za rozhovor.<\/p>\n","protected":false},"excerpt":{"rendered":"<p>\u201eVoda\u201c jako nenahraditeln\u00fd p\u0159\u00edrodn\u00ed zdroj \u017eivota V\u00e1s prov\u00e1zela celou Va\u0161\u00ed profesn\u00ed kari\u00e9rou, kterou jste zapo\u010dala hned po dokon\u010den\u00ed studia organick\u00e9 chemie v roce 1954 na brn\u011bnsk\u00e9 Masarykov\u011b universit\u011b&#8230;<\/p>\n","protected":false},"author":8,"featured_media":7304,"comment_status":"closed","ping_status":"closed","sticky":false,"template":"","format":"standard","meta":{"_acf_changed":false,"footnotes":""},"categories":[2],"tags":[1768,336,74,1454],"coauthors":[494],"class_list":["post-7362","post","type-post","status-publish","format-standard","has-post-thumbnail","hentry","category-from-the-world-of-water-management","tag-hydrochemie","tag-jakost-vod","tag-rozhovor","tag-vuv-tgm"],"acf":[],"_links":{"self":[{"href":"https:\/\/www.vtei.cz\/en\/wp-json\/wp\/v2\/posts\/7362","targetHints":{"allow":["GET"]}}],"collection":[{"href":"https:\/\/www.vtei.cz\/en\/wp-json\/wp\/v2\/posts"}],"about":[{"href":"https:\/\/www.vtei.cz\/en\/wp-json\/wp\/v2\/types\/post"}],"author":[{"embeddable":true,"href":"https:\/\/www.vtei.cz\/en\/wp-json\/wp\/v2\/users\/8"}],"replies":[{"embeddable":true,"href":"https:\/\/www.vtei.cz\/en\/wp-json\/wp\/v2\/comments?post=7362"}],"version-history":[{"count":4,"href":"https:\/\/www.vtei.cz\/en\/wp-json\/wp\/v2\/posts\/7362\/revisions"}],"predecessor-version":[{"id":30551,"href":"https:\/\/www.vtei.cz\/en\/wp-json\/wp\/v2\/posts\/7362\/revisions\/30551"}],"wp:featuredmedia":[{"embeddable":true,"href":"https:\/\/www.vtei.cz\/en\/wp-json\/wp\/v2\/media\/7304"}],"wp:attachment":[{"href":"https:\/\/www.vtei.cz\/en\/wp-json\/wp\/v2\/media?parent=7362"}],"wp:term":[{"taxonomy":"category","embeddable":true,"href":"https:\/\/www.vtei.cz\/en\/wp-json\/wp\/v2\/categories?post=7362"},{"taxonomy":"post_tag","embeddable":true,"href":"https:\/\/www.vtei.cz\/en\/wp-json\/wp\/v2\/tags?post=7362"},{"taxonomy":"author","embeddable":true,"href":"https:\/\/www.vtei.cz\/en\/wp-json\/wp\/v2\/coauthors?post=7362"}],"curies":[{"name":"wp","href":"https:\/\/api.w.org\/{rel}","templated":true}]}}