{"id":3913,"date":"2017-10-10T08:21:41","date_gmt":"2017-10-10T08:21:41","guid":{"rendered":"http:\/\/www.vtei.cz\/?p=3913"},"modified":"2024-07-16T12:22:35","modified_gmt":"2024-07-16T11:22:35","slug":"diploma-of-academician-theodor-jezdik","status":"publish","type":"post","link":"https:\/\/www.vtei.cz\/en\/2017\/10\/diploma-of-academician-theodor-jezdik\/","title":{"rendered":"Diploma of Academician Theodor Je\u017ed\u00edk"},"content":{"rendered":"<h4><i class=\"fa fa-exclamation-circle fa-3x pull-left\"><\/i> This article is available in Czech only. For translation or more information on this topic, please contact author.<\/h4>\n<p>V\u00a0roce 1980 u\u00a0p\u0159\u00edle\u017eitosti 90. v\u00fdro\u010d\u00ed narozen\u00ed akademika Theodora Je\u017ed\u00edka vyhl\u00e1sil tehdej\u0161\u00ed \u010cesk\u00fd \u00fast\u0159edn\u00ed v\u00fdbor vodohospod\u00e1\u0159sk\u00e9 spole\u010dnosti \u010cSVTS z\u00a0podn\u011btu prof. Ing. Dr. L.\u00a0Votruby, DrSc., Diplom akademika Theodora Je\u017ed\u00edka jako cenu za st\u011b\u017eejn\u00ed d\u00edla z\u00a0oblasti teorie, v\u00fdzkumu, v\u00fdvoje, p\u0159\u00edpravy, v\u00fdstavby a\u00a0provozu vodohospod\u00e1\u0159sk\u00fdch d\u011bl a\u00a0za\u0159\u00edzen\u00ed. S\u00a0v\u011bdom\u00edm \u00fa\u010deln\u00e9ho a\u00a0motivuj\u00edc\u00edho povzbuzen\u00ed odborn\u00e9, resp. v\u011bdeck\u00e9, \u010dinnosti v\u00a0oboru se v\u00fdbor \u010cesk\u00e9 v\u011bdeckotechnick\u00e9 vodohospod\u00e1\u0159sk\u00e9 spole\u010dnosti zab\u00fdval obnoven\u00edm t\u00e9to ceny pod p\u016fvodn\u00edm n\u00e1zvem a\u00a0jej\u00edm znovu vyhl\u00e1\u0161en\u00edm pro rok 2004, jen s\u00a0m\u00edrn\u011b upraven\u00fdm statutem s\u00a0ohledem na sou\u010dasn\u00e9 podm\u00ednky. K\u00a0dal\u0161\u00edmu dopln\u011bn\u00ed a\u00a0\u00faprav\u011b do\u0161lo z\u00a0rozhodnut\u00ed v\u00fdboru v\u00a0roce 2017.<\/p>\n<a href=\"http:\/\/www.vtei.cz\/wp-content\/uploads\/2017\/10\/ilustracni-9.jpg\" rel=\"shadowbox[sbpost-3913];player=img;\"><img decoding=\"async\" width=\"800\" height=\"517\" class=\"alignnone size-full wp-image-3873 lazyload\" data-src=\"https:\/\/www.vtei.cz\/wp-content\/uploads\/2017\/10\/ilustracni-9.jpg\" alt=\"ilustracni-9\" data-srcset=\"https:\/\/www.vtei.cz\/wp-content\/uploads\/2017\/10\/ilustracni-9.jpg 800w, https:\/\/www.vtei.cz\/wp-content\/uploads\/2017\/10\/ilustracni-9-300x194.jpg 300w, https:\/\/www.vtei.cz\/wp-content\/uploads\/2017\/10\/ilustracni-9-768x496.jpg 768w\" data-sizes=\"(max-width: 800px) 100vw, 800px\" src=\"data:image\/svg+xml;base64,PHN2ZyB3aWR0aD0iMSIgaGVpZ2h0PSIxIiB4bWxucz0iaHR0cDovL3d3dy53My5vcmcvMjAwMC9zdmciPjwvc3ZnPg==\" style=\"--smush-placeholder-width: 800px; --smush-placeholder-aspect-ratio: 800\/517;\" \/><\/a>\n<p>Akademik Theodor Je\u017ed\u00edk (9. 11. 1889\u201327. 2. 1967) byl vynikaj\u00edc\u00edm odborn\u00edkem, vysoko\u0161kolsk\u00fdm u\u010ditelem, v\u00fdznamnou osobnost\u00ed \u010cVUT a\u00a0dal\u0161\u00edch instituc\u00ed. Jako profesor vzbuzoval u\u00a0sv\u00fdch student\u016f i\u00a0u\u00a0cel\u00e9 odborn\u00e9 ve\u0159ejnosti mimo\u0159\u00e1dnou \u00factu. M\u011bl vz\u00e1cn\u00e9 lidsk\u00e9 vlastnosti, z\u00a0nich\u017e vych\u00e1zela v\u00fdjime\u010dn\u00e1 a\u00a0oboustrann\u00e1 d\u016fv\u011bra, sv\u00e9 kolegy, studenty a\u00a0mlad\u00e9 absolventy oslovoval tak\u00e9 \u010dinorodou soci\u00e1ln\u00ed citlivost\u00ed a\u00a0p\u0159ipravenost\u00ed k\u00a0okam\u017eit\u00e9 pomoci i\u00a0v\u00a0materi\u00e1ln\u00ed oblasti.<\/p>\n<p>Byl zakladatelem dne\u0161n\u00ed katedry hydrotechniky na Fakult\u011b stavebn\u00ed \u010cVUT a\u00a0p\u0159edn\u00e1\u0161el p\u0159edm\u011bty t\u00fdkaj\u00edc\u00ed se zejm\u00e9na vodn\u00edch n\u00e1dr\u017e\u00ed, p\u0159ehrad a\u00a0staveb k\u00a0vyu\u017eit\u00ed vodn\u00ed energie. Na jeho p\u0159edn\u00e1\u0161ky vzpom\u00ednaj\u00ed jeho studenti jako na vynikaj\u00edc\u00ed. V\u011bdecky p\u0159isp\u011bl do hydrauliky, \u00faprav tok\u016f, \u0159e\u0161en\u00ed n\u00e1dr\u017e\u00ed a\u00a0p\u0159ehrad. Z\u00a0p\u016fvodn\u00edch v\u011bdeck\u00fdch prac\u00ed b\u00fdv\u00e1 nejv\u00edce oce\u0148ov\u00e1no jeho odvozen\u00ed vztahu pro kritick\u00fd stav pr\u016ftoku v\u00a0koryt\u011b obecn\u00e9ho pr\u016f\u0159ezu z\u00a0roku 1924, na n\u011b\u017e se ve sv\u011btov\u00e9 literatu\u0159e poukazovalo a\u017e v\u00a0roce 1941, a\u00a0odvozen\u00ed p\u016fvodn\u00ed metody n\u00e1vrhu p\u0159\u00ed\u010dn\u00e9ho profilu t\u00ed\u017en\u00fdch p\u0159ehrad. Anga\u017eoval se v\u00a0odborn\u00fdch probl\u00e9mech vodohospod\u00e1\u0159sk\u00e9 praxe, zvl\u00e1\u0161t\u011b v\u00fdstavby p\u0159ehrad a\u00a0vodn\u00edch elektr\u00e1ren, a\u00a0zab\u00fdval se i\u00a0problematikou vodn\u00edch staveb ve vztahu k\u00a0\u017eivotn\u00edmu prost\u0159ed\u00ed, jako\u017eto i\u00a0vysoko\u0161kolskou pedagogikou.<\/p>\n<p>Zast\u00e1val v\u00fdznamn\u00e9 akademick\u00e9 funkce, kdy v\u00a0letech 1955\u20131960 byl rektorem\u00a0\u010cVUT. M\u011bl mnoho ve\u0159ejn\u00fdch funkc\u00ed, jim\u017e nezi\u0161tn\u011b v\u011bnoval mnoho \u010dasu. Nejv\u00edce mu p\u0159irostla k\u00a0srdci \u010cesk\u00e1 matice technick\u00e1. Za\u0159adil se mezi nejv\u00fdznamn\u011bj\u0161\u00ed osobnosti \u010desk\u00e9 techniky 20. stolet\u00ed. Pln\u00fdm pr\u00e1vem jej tedy mimo jin\u00e9 bude obnoven\u00fd diplom p\u0159ipom\u00ednat.<\/p>\n<h3>Statut Diplomu akademika Theodora Je\u017ed\u00edka<\/h3>\n<h4>C\u00edl ocen\u011bn\u00ed<\/h4>\n<p>Diplom akademika Theodora Je\u017ed\u00edka je ud\u011blov\u00e1n st\u011b\u017eejn\u00edm d\u00edl\u016fm z\u00a0oblasti teorie, v\u00fdzkumu, v\u00fdvoje, p\u0159\u00edpravy, v\u00fdstavby a\u00a0provozu vodohospod\u00e1\u0159sk\u00fdch d\u011bl a\u00a0za\u0159\u00edzen\u00ed, kter\u00e1 vznikla na \u00fazem\u00ed \u010cesk\u00e9 republiky.<\/p>\n<h4>Nominace d\u00edla<\/h4>\n<ol style=\"list-style-type: upper-alpha;\">\n<li>Ud\u011blen\u00ed Diplomu akademika Theodora Je\u017ed\u00edka konkr\u00e9tn\u00edmu d\u00edlu (projektu, pr\u00e1ci) m\u016f\u017ee navrhnout individu\u00e1ln\u00ed \u010dlen \u010cVTVHS, z. s., nebo z\u00e1stupce p\u0159idru\u017een\u00e9 instituce.<\/li>\n<li>Navr\u017een\u00e9 d\u00edlo (projekt, pr\u00e1ce) mus\u00ed spl\u0148ovat n\u00e1sleduj\u00edc\u00ed n\u00e1le\u017eitosti:\n<ol>\n<li>autor je odborn\u00edkem p\u016fsob\u00edc\u00edm v\u00a0\u010cesk\u00e9 republice, v\u00a0p\u0159\u00edpad\u011b autorsk\u00e9ho t\u00fdmu je podm\u00ednkou, aby vedouc\u00ed autor a\u00a0sou\u010dasn\u011b v\u011bt\u0161ina autorsk\u00e9ho t\u00fdmu p\u016fsobili v\u00a0\u010cesk\u00e9 republice,<\/li>\n<li>nominovan\u00e9 d\u00edlo dosud nebylo ocen\u011bno jinou ofici\u00e1ln\u00ed cenou,<\/li>\n<li>nominovan\u00e9 d\u00edlo nen\u00ed star\u0161\u00ed p\u011bti let od uve\u0159ejn\u011bn\u00ed nebo dokon\u010den\u00ed realizace.<\/li>\n<\/ol>\n<\/li>\n<li>Nominace jsou p\u0159ed\u00e1v\u00e1ny v\u00fdboru p\u00edsemn\u011b s\u00a0uveden\u00edm:\n<ol>\n<li>jm\u00e9na autora, v\u00a0p\u0159\u00edpad\u011b autorsk\u00e9ho t\u00fdmu jmen v\u0161ech jeho \u010dlen\u016f a\u00a0uveden\u00ed vedouc\u00edho t\u00fdmu,<\/li>\n<li>zd\u016fvodn\u011bn\u00ed n\u00e1vrhu v\u00a0podob\u011b stru\u010dn\u00e9ho popisu d\u00edla, z\u00a0n\u011bho\u017e mus\u00ed b\u00fdt jasn\u00e9, v\u00a0\u010dem spo\u010d\u00edv\u00e1 v\u00fdznam a\u00a0podn\u011btnost p\u0159ihl\u00e1\u0161en\u00e9 pr\u00e1ce a\u00a0jej\u00edho p\u0159\u00ednosu d\u00edla pro oblast teorie, v\u00fdzkumu, v\u00fdvoje, p\u0159\u00edpravy, v\u00fdstavby a\u00a0provozu vodohospod\u00e1\u0159sk\u00fdch d\u011bl a\u00a0za\u0159\u00edzen\u00ed,<\/li>\n<li>podklady \u010di odkazy na takov\u00e9 materi\u00e1ly, kter\u00e9 jsou nezbytn\u00e9 pro posouzen\u00ed d\u00edla (nap\u0159. text studie, dokumentace projektu, dokumentace realizace stavby \u010di pou\u017eit\u00e9 technologie apod.).<\/li>\n<\/ol>\n<\/li>\n<\/ol>\n<p>&nbsp;<\/p>\n<h4>Posouzen\u00ed navr\u017een\u00e9ho d\u00edla<\/h4>\n<ol style=\"list-style-type: upper-alpha;\">\n<li>Na z\u00e1klad\u011b nominace v\u00fdbor \u010cVTVHS, z. s., ustav\u00ed minim\u00e1ln\u011b t\u0159\u00ed\u010dlennou odbornou porotu pro posouzen\u00ed d\u00edla. Jej\u00ed \u010dlenov\u00e9 jsou vyb\u00edr\u00e1n\u00ed s\u00a0ohledem na jejich odbornost ve vztahu k\u00a0t\u00e9matu nominovan\u00e9ho d\u00edla.<\/li>\n<li>\u010clenem poroty nem\u016f\u017ee b\u00fdt nikdo z\u00a0\u0159e\u0161itel\u016f posuzovan\u00fdch prac\u00ed.<\/li>\n<li>Porota zpracuje stanovisko s\u00a0doporu\u010den\u00edm ud\u011blen\u00ed diplomu a\u00a0p\u0159ed\u00e1 jej v\u00fdboru \u010cVTVHS, z. s.<\/li>\n<\/ol>\n<p>&nbsp;<\/p>\n<h4>Rozhodnut\u00ed o\u00a0ud\u011blen\u00ed Diplomu akademika Theodora Je\u017ed\u00edka<\/h4>\n<ol style=\"list-style-type: upper-alpha;\">\n<li>Stanoviska odborn\u00fdch porot schra\u0148uje tajemn\u00edk v\u00fdboru \u010cVTVHS, z. s., kter\u00fd je p\u0159edkl\u00e1d\u00e1 na prvn\u00edm jedn\u00e1n\u00ed v\u00fdboru v\u00a0kalend\u00e1\u0159n\u00edm roce v\u017edy souhrnn\u011b za p\u0159edchoz\u00ed kalend\u00e1\u0159n\u00ed rok.<\/li>\n<li>V\u00fdbor \u010cVTVHS, z. s., na sv\u00e9m zased\u00e1n\u00ed rozhodne o\u00a0ud\u011blen\u00ed Diplomu akademika Theodora Je\u017ed\u00edka, p\u0159i\u010dem\u017e v\u00a0jednom roce mohou b\u00fdt ocen\u011bn\u00ed ud\u011blena nejv\u00fd\u0161e dv\u011bma nominovan\u00fdm d\u00edl\u016fm.<\/li>\n<li>Proti rozhodnut\u00ed o\u00a0ud\u011blen\u00ed diplomu nen\u00ed odvol\u00e1n\u00ed pr\u00e1vn\u00ed cestou.<\/li>\n<\/ol>\n<p>&nbsp;<\/p>\n<h4>P\u0159ed\u00e1n\u00ed ocen\u011bn\u00ed<\/h4>\n<ol style=\"list-style-type: upper-alpha;\">\n<li>Diplomy jsou p\u0159ed\u00e1ny autor\u016fm ocen\u011bn\u00e9ho d\u00edla na nejbli\u017e\u0161\u00ed valn\u00e9 hromad\u011b \u010cVTVHS, z. s.<\/li>\n<li>Ud\u011blen\u00ed diplomu m\u016f\u017ee b\u00fdt doprov\u00e1zeno dal\u0161\u00edm ocen\u011bn\u00edm v\u00a0r\u00e1mci \u010cVTVHS, z. s., a\u00a0p\u0159\u00edpadn\u011b finan\u010dn\u00ed odm\u011bnou ve v\u00fd\u0161i stanoven\u00e9 v\u00fdborem s\u00a0ohledem na aktu\u00e1ln\u00ed mo\u017enosti \u010cVTVHS, z. s.<\/li>\n<li>Rozhodnut\u00ed o\u00a0ud\u011blen\u00ed diplom\u016f bude zve\u0159ejn\u011bno v\u00a0\u010dasopisu VTEI.<\/li>\n<\/ol>\n<p>&nbsp;<\/p>\n<h3>Ostatn\u00ed<\/h3>\n<p>D\u00edlo, kter\u00e9 bylo nominov\u00e1no a\u00a0doporu\u010deno odbornou komis\u00ed k\u00a0ocen\u011bn\u00ed, av\u0161ak nebylo na z\u00e1klad\u011b rozhodnut\u00ed v\u00fdboru ocen\u011bno v\u00a0dan\u00e9m roce, je mo\u017en\u00e9 jednou znovu nominovat, pokud nad\u00e1le spl\u0148uje podm\u00ednky uveden\u00e9 v\u00a0\u010dl\u00e1nku II. V\u00fdbor p\u0159itom m\u016f\u017ee rozhodnout o\u00a0akceptaci stanoviska odborn\u00e9 komise z\u00a0p\u0159ede\u0161l\u00e9ho posouzen\u00ed d\u00edla.<\/p>\n<p>Praha, duben 2017<\/p>\n","protected":false},"excerpt":{"rendered":"<p>In 1980, on the occasion of the 90th anniversary of the birth of Academician Theodor Je\u017ed\u00edk, the then Czech Central Committee of the Water Management Society of \u010cSVTS, announced at the instigation of prof. Ing. Dr. L. Votruba, DrSc., Diploma of Academician Theodor Je\u017ed\u00edk as a prize for key works in the field of theory, research, development, preparation, construction and operation of water management works and equipment.<\/p>\n","protected":false},"author":8,"featured_media":3873,"comment_status":"closed","ping_status":"closed","sticky":false,"template":"","format":"standard","meta":{"_acf_changed":false,"footnotes":""},"categories":[2],"tags":[943,942],"coauthors":[245],"class_list":["post-3913","post","type-post","status-publish","format-standard","has-post-thumbnail","hentry","category-from-the-world-of-water-management","tag-award","tag-diploma"],"acf":[],"_links":{"self":[{"href":"https:\/\/www.vtei.cz\/en\/wp-json\/wp\/v2\/posts\/3913","targetHints":{"allow":["GET"]}}],"collection":[{"href":"https:\/\/www.vtei.cz\/en\/wp-json\/wp\/v2\/posts"}],"about":[{"href":"https:\/\/www.vtei.cz\/en\/wp-json\/wp\/v2\/types\/post"}],"author":[{"embeddable":true,"href":"https:\/\/www.vtei.cz\/en\/wp-json\/wp\/v2\/users\/8"}],"replies":[{"embeddable":true,"href":"https:\/\/www.vtei.cz\/en\/wp-json\/wp\/v2\/comments?post=3913"}],"version-history":[{"count":2,"href":"https:\/\/www.vtei.cz\/en\/wp-json\/wp\/v2\/posts\/3913\/revisions"}],"predecessor-version":[{"id":30412,"href":"https:\/\/www.vtei.cz\/en\/wp-json\/wp\/v2\/posts\/3913\/revisions\/30412"}],"wp:featuredmedia":[{"embeddable":true,"href":"https:\/\/www.vtei.cz\/en\/wp-json\/wp\/v2\/media\/3873"}],"wp:attachment":[{"href":"https:\/\/www.vtei.cz\/en\/wp-json\/wp\/v2\/media?parent=3913"}],"wp:term":[{"taxonomy":"category","embeddable":true,"href":"https:\/\/www.vtei.cz\/en\/wp-json\/wp\/v2\/categories?post=3913"},{"taxonomy":"post_tag","embeddable":true,"href":"https:\/\/www.vtei.cz\/en\/wp-json\/wp\/v2\/tags?post=3913"},{"taxonomy":"author","embeddable":true,"href":"https:\/\/www.vtei.cz\/en\/wp-json\/wp\/v2\/coauthors?post=3913"}],"curies":[{"name":"wp","href":"https:\/\/api.w.org\/{rel}","templated":true}]}}