{"id":3370,"date":"2017-04-07T07:28:05","date_gmt":"2017-04-07T07:28:05","guid":{"rendered":"http:\/\/www.vtei.cz\/?p=3370"},"modified":"2024-07-16T12:00:21","modified_gmt":"2024-07-16T11:00:21","slug":"events-of-the-czech-scientific-and-technical-water-management-company","status":"publish","type":"post","link":"https:\/\/www.vtei.cz\/en\/2017\/04\/events-of-the-czech-scientific-and-technical-water-management-company\/","title":{"rendered":"Events of the Czech scientific and technical water management company"},"content":{"rendered":"<h4><i class=\"fa fa-exclamation-circle fa-3x pull-left\"><\/i> This article is available in Czech only. For translation or more information on this topic, please contact author.<\/h4>\n<p>&nbsp;<\/p>\n<h2>Akce po\u0159\u00e1dan\u00e9 \u010cVTVHS v\u00a0roce 2016<\/h2>\n<p>V\u00a0roce 2016 pokra\u010dovala standardn\u00ed \u010dinnost, kdy se desetkr\u00e1t se\u0161el v\u00fdbor spole\u010dnosti, z\u00a0toho jednou na v\u00fdjezdn\u00edm zased\u00e1n\u00ed. Valn\u00e1 hromada se konala 25.\u00a0kv\u011btna na Novotn\u00e9ho l\u00e1vce, byla nevolebn\u00ed a\u00a0z\u00fa\u010dastnilo se j\u00ed 41 \u00fa\u010dastn\u00edk\u016f s\u00a0celkovou\u00a0vahou 102 hlas\u016f ze 156 mo\u017en\u00fdch, \u010d\u00edm\u017e byla v\u00a0cel\u00e9m sv\u00e9m pr\u016fb\u011bhu VH usn\u00e1\u0161en\u00edschopn\u00e1. Do\u0161lo k\u00a0drobn\u00e9 \u00faprav\u011b Pravidel pro spr\u00e1vu \u010cVTVHS, z. s., a\u00a0\u010destn\u00fdm \u010dlenem byl jmenov\u00e1n Ing.\u00a0Eduard Hansl\u00edk,\u00a0CSc., jako ocen\u011bn\u00ed jeho mnohalet\u00e9 pr\u00e1ce v\u00a0oblasti radioekologie. Loni jmenovan\u00ed likvid\u00e1to\u0159i t\u0159\u00ed pobo\u010dn\u00fdch spolk\u016f pokra\u010dovali v\u00a0\u00fakonech po\u017eadovan\u00fdch pro likvidaci a\u00a0na konci roku byly pod\u00e1ny M\u011bstsk\u00e9mu soudu v\u00a0Praze n\u00e1vrhy na jejich v\u00fdmaz ze spolkov\u00e9ho rejst\u0159\u00edku. V\u00a0tomto roce bylo ukon\u010deno uzav\u00edr\u00e1n\u00ed nov\u00fdch smluv s\u00a0p\u0159idru\u017een\u00fdmi \u010dleny.<\/p>\n<a href=\"http:\/\/www.vtei.cz\/wp-content\/uploads\/2016\/08\/CVTVHS.jpg\" rel=\"shadowbox[sbpost-3370];player=img;\"><img decoding=\"async\" width=\"800\" height=\"461\" class=\"alignnone size-full wp-image-2285 lazyload\" data-src=\"https:\/\/www.vtei.cz\/wp-content\/uploads\/2016\/08\/CVTVHS.jpg\" alt=\"CVTVHS\" data-srcset=\"https:\/\/www.vtei.cz\/wp-content\/uploads\/2016\/08\/CVTVHS.jpg 800w, https:\/\/www.vtei.cz\/wp-content\/uploads\/2016\/08\/CVTVHS-300x173.jpg 300w, https:\/\/www.vtei.cz\/wp-content\/uploads\/2016\/08\/CVTVHS-768x443.jpg 768w\" data-sizes=\"(max-width: 800px) 100vw, 800px\" src=\"data:image\/svg+xml;base64,PHN2ZyB3aWR0aD0iMSIgaGVpZ2h0PSIxIiB4bWxucz0iaHR0cDovL3d3dy53My5vcmcvMjAwMC9zdmciPjwvc3ZnPg==\" style=\"--smush-placeholder-width: 800px; --smush-placeholder-aspect-ratio: 800\/461;\" \/><\/a>\n<p>V\u00a0pl\u00e1nu roku 2016 bylo \u010dtrn\u00e1ct odborn\u00fdch akc\u00ed, p\u0159i\u010dem\u017e n\u011bkter\u00fdch jsme se \u00fa\u010dastnili pouze organiza\u010dn\u00ed, propaga\u010dn\u00ed \u010di person\u00e1ln\u00ed spoluprac\u00ed (Voda a\u00a0pracovn\u00ed p\u0159\u00edle\u017eitosti, Pitn\u00e1 voda 2016, P\u0159ehradn\u00ed dny 2016 a\u00a0Vodn\u00ed toky 2016). Tradi\u010dn\u00ed semin\u00e1\u0159 Podzemn\u00ed voda ve vodopr\u00e1vn\u00edm \u0159\u00edzen\u00ed XIII se neuskute\u010dnil pro \u00famrt\u00ed odborn\u00e9ho garanta Ing.\u00a0R.\u00a0Muzik\u00e1\u0159e,\u00a0CSc., a\u00a0je p\u0159ipravov\u00e1n a\u017e pro rok 2017. O\u00a0ostatn\u00edch odborn\u00fdch akc\u00edch d\u00e1le uv\u00e1d\u00edme jejich stru\u010dnou rekapitulaci.<\/p>\n<ul>\n<li><strong>Radionuklidy a\u00a0ionizuj\u00edc\u00ed z\u00e1\u0159en\u00ed ve vodn\u00edm hospod\u00e1\u0159stv\u00ed XXIV<\/strong><\/li>\n<\/ul>\n<p>Konference se uskute\u010dnila 2.\u20134.\u00a0kv\u011btna v\u00a0Clarion Congress Hotelu v\u00a0\u010cesk\u00fdch Bud\u011bjovic\u00edch s\u00a0odbornou garanc\u00ed Ing.\u00a0E. Hansl\u00edka,\u00a0CSc., (OS OV\u010cV a\u00a0V\u00daV TGM) za \u00fa\u010dasti 58 odborn\u00edk\u016f, z\u00a0toho 50 z\u00a0\u010cesk\u00e9 republiky a\u00a08 ze Slovenska. P\u0159i konferenci bylo p\u0159edneseno 14 p\u0159edn\u00e1\u0161ek, kter\u00e9 byly oti\u0161t\u011bny v\u00a0n\u00e1sledn\u011b vyd\u00e1van\u00e9m sborn\u00edku. Odpoledne 3.\u00a0kv\u011btna se uskute\u010dnila zaj\u00edmav\u00e1 exkurze v\u00a0Informa\u010dn\u00edm st\u0159edisku Jadern\u00e9 elektr\u00e1rny Temel\u00edn (Z\u00e1me\u010dek). V\u00a0z\u00e1v\u011bru jedn\u00e1n\u00ed bylo doporu\u010deno uspo\u0159\u00e1dat ji\u017e XXV. konferenci Radionuklidy a\u00a0ionizuj\u00edc\u00ed z\u00e1\u0159en\u00ed ve vodn\u00edm hospod\u00e1\u0159stv\u00ed v\u00a0roce 2018.<\/p>\n<ul>\n<li><strong>Vodovody a\u00a0kanalizace\u00a0\u2013 hlavn\u00ed probl\u00e9my spr\u00e1vy, provozu a\u00a0investi\u010dn\u00edho rozvoje<\/strong><\/li>\n<\/ul>\n<p>Semin\u00e1\u0159 se konal 11.\u00a0kv\u011btna v\u00a0s\u00e1le 217 na Novotn\u00e9ho l\u00e1vce. Odborn\u00fdm garantem byl Ing.\u00a0J. Plechat\u00fd\u00a0\u2013 p\u0159edseda OS Vodovody a\u00a0kanalizace a\u00a0p\u0159edseda p\u0159edstavenstva VRV\u00a0a.\u00a0s. Semin\u00e1\u0159i byla ud\u011blena akreditace MV. Jedn\u00e1n\u00ed se \u00fa\u010dastnilo 85 osob, s\u00a0v\u00fdraznou v\u011bt\u0161inou pracovn\u00edk\u016f O\u00da a\u00a0K\u00da\u00a0\u2013 bylo jich 51. B\u011bhem jedn\u00e1n\u00ed bylo p\u0159edneseno \u0161est vystoupen\u00ed a\u00a0pou\u017eit\u00e9 prezentace byly vyv\u011b\u0161eny na webov\u00fdch str\u00e1nk\u00e1ch \u010cVTVHS. Celkov\u011b lze konstatovat, \u017ee semin\u00e1\u0159 se setkal s\u00a0vesm\u011bs velmi dobrou odezvou \u00fa\u010dastn\u00edk\u016f, co\u017e se projevilo v\u00a0z\u00e1v\u011bre\u010dn\u00e9 diskusi, ve kter\u00e9 \u00fa\u010dastn\u00edci p\u0159edn\u00e1\u0161eli i\u00a0konkr\u00e9tn\u00ed n\u00e1vrhy na obsahov\u00e9 zam\u011b\u0159en\u00ed p\u0159\u00ed\u0161t\u00edho semin\u00e1\u0159e, a\u00a0to zejm\u00e9na na oblast ekonomiky VaK.<\/p>\n<ul>\n<li><strong>Valn\u00e1 hromada<\/strong><\/li>\n<\/ul>\n<p>Dne 25.\u00a0kv\u011btna v\u00a0s\u00e1le 319 na Novotn\u00e9ho l\u00e1vce se konala Valn\u00e1 hromada za \u00fa\u010dasti 41 osob, z\u00a0toho 31 \u010dlen\u016f (s\u00a0celkovou vahou hlas\u016f 102 ze 156 mo\u017en\u00fdch), 3 \u010destn\u00fdch host\u016f (prof.\u00a0Wolf\u00a0\u2013 p\u0159edseda \u010cSVTS, Ing.\u00a0Hospodka\u00a0\u2013 \u0159editel odboru na MZe a\u00a0RNDr.\u00a0Kubala\u00a0\u2013 p\u0159edseda SVH). Valn\u00e1 hromada byla nevolebn\u00ed, standardn\u00ed program prob\u011bhl bez z\u00e1vad, nejv\u011bt\u0161\u00ed diskuse se vedla kolem nov\u00e9 formulace nespln\u011bn\u00e9ho bodu z\u00a0lo\u0148sk\u00e9ho usnesen\u00ed o\u00a0aktivit\u011b k\u00a0z\u00edsk\u00e1n\u00ed z\u00e1jmu ml\u00e1de\u017ee o\u00a0Valn\u00e9 hromad\u011b. Odborn\u00fdm programem byla p\u0159edn\u00e1\u0161ka na t\u00e9ma Hodnocen\u00ed p\u0159\u00ed\u010din a\u00a0pr\u016fb\u011bhu sucha v\u00a0roce 2015, kterou m\u011bl \u010dlen v\u00fdboru RNDr.\u00a0Da\u0148helka,\u00a0Ph.D., n\u00e1m\u011bstek \u0159editele \u010cHM\u00da.<\/p>\n<ul>\n<li><strong>N\u00e1rodn\u00ed dialog o\u00a0vod\u011b\u00a0\u2013 50\u00a0let st\u00e1tn\u00edch podnik\u016f Povod\u00ed<\/strong><\/li>\n<\/ul>\n<p>Akce s\u00a0vysoce reprezentativn\u00ed \u00fa\u010dast\u00ed se uskute\u010dnila 7.\u20138.\u00a0\u010dervna v\u00a0hotelu Horizont v\u00a0Peci pod Sn\u011b\u017ekou. Jedn\u00e1n\u00ed zah\u00e1jil p\u0159edseda v\u00fdboru Mgr.\u00a0Rieder, prvn\u00ed blok, kde vystoupili NMZ Ing.\u00a0Kend\u00edk, emeritn\u00ed \u0159editel POh Ing.\u00a0Nov\u00e1k a\u00a0v\u0161ichni sou\u010dasn\u00ed gener\u00e1ln\u00ed \u0159editel\u00e9\u00a0\u2013 Ing.\u00a0\u0160ebesta, Ing.\u00a0Pag\u00e1\u010d, Ing.\u00a0Nedoma, RNDr.\u00a0Hodovsk\u00fd a\u00a0RNDr.\u00a0Kubala, \u0159\u00eddil m\u00edstop\u0159edseda v\u00fdboru Ing.\u00a0Jan Kub\u00e1t. Druh\u00fd blok s\u00a0vystoupen\u00edm \u0159editele V\u00daV TGM Mgr.\u00a0Riedera, Ing.\u00a0Dvo\u0159\u00e1ka,\u00a0Ph.D., \u0159editele \u010cHM\u00da, Ing.\u00a0Mati, obchodn\u00edho \u0159editele SOL CZ, DHI,\u00a0a.\u00a0s., Ing.\u00a0Moravce,\u00a0Ph.D., gener\u00e1ln\u00edho \u0159editele spole\u010dnosti Sweco Hydroprojekt,\u00a0a.\u00a0s., Ing.\u00a0Valdhanse, \u0159editele a\u00a0prokuristy VRV\u00a0a.\u00a0s., a\u00a0se z\u00e1v\u011bre\u010dn\u00fdm shrnut\u00edm prof.\u00a0Ing.\u00a0Bro\u017ei,\u00a0DrSc., \u010cVUT\u00a0\u2013 Fakulta stavebn\u00ed, \u0159\u00eddil n\u00e1m\u011bstek \u0159editele V\u00daV TGM Ing.\u00a0Petr Bou\u0161ka,\u00a0Ph.D. N\u00e1rodn\u00edho dialogu o\u00a0vod\u011b se z\u00fa\u010dastnilo 94 \u00fa\u010dastn\u00edk\u016f, ale bohu\u017eel se nenaplnil p\u0159edpoklad o\u00a0tradi\u010dn\u00ed bohat\u00e9 diskusi. V\u00a0\u00fater\u00fd od sedm\u00e9 hodiny ve\u010der se uskute\u010dnilo za \u00fa\u010dasti v\u011bt\u0161iny v\u00a0prostor\u00e1ch hotelu spole\u010densk\u00e9 setk\u00e1n\u00ed. Druh\u00fd den uspo\u0159\u00e1dali pracovn\u00edci Povod\u00ed Labe pod veden\u00edm Ing.\u00a0Merty exkursi na VD Les Kr\u00e1lovstv\u00ed\u00a0\u2013 v\u00fdbor tuto sou\u010dinnost s\u00a0kon\u00e1n\u00edm ND 2016 p\u0159iv\u00edtal a\u00a0veden\u00ed Povod\u00ed Labe pod\u011bkoval za spolupr\u00e1ci.<\/p>\n<ul>\n<li><strong>Nov\u00e9 pr\u00e1vn\u00ed p\u0159edpisy v\u00a0oblasti ochrany vod<\/strong><\/li>\n<\/ul>\n<p>Semin\u00e1\u0159 se uskute\u010dnil 22.\u00a0\u010dervna v\u00a0s\u00e1le 217 na Novotn\u00e9ho l\u00e1vce. Odborn\u00fdm garantem byl p\u0159edseda OS OV\u010cV Ing.\u00a0Tom\u00e1\u0161 Mi\u010dan\u00edk (V\u00daV TGM, pobo\u010dka Ostrava). Akci byla MV ud\u011blena akreditace a\u00a0i\u00a0z\u00e1sluhou tohoto se j\u00ed z\u00fa\u010dastnilo 80 osob. Ing.\u00a0Mi\u010dan\u00edk uve\u0159ejnil v\u00a0\u010dasopisu VTEI \u010d.\u00a04\/2016 podrobnou zpr\u00e1vu o\u00a0pr\u016fb\u011bhu semin\u00e1\u0159e, kter\u00fd byl \u00fa\u010dastn\u00edky hodnocen jako p\u0159\u00ednosn\u00fd. Ti tak\u00e9 projevili z\u00e1jem, aby byl v\u00a0obdobn\u00e9m zam\u011b\u0159en\u00ed semin\u00e1\u0159 uspo\u0159\u00e1d\u00e1n i\u00a0v\u00a0p\u0159\u00ed\u0161t\u00edm roce v\u00a0n\u00e1vaznosti na v\u00fdsledky legislativn\u00edho procesu projedn\u00e1van\u00fdch relevantn\u00edch pr\u00e1vn\u00edch p\u0159edpis\u016f.<\/p>\n<ul>\n<li><strong>Aktu\u00e1ln\u00ed problematika mal\u00fdch vodn\u00edch n\u00e1dr\u017e\u00ed<\/strong><\/li>\n<\/ul>\n<p>Semin\u00e1\u0159 se konal 27.\u00a0z\u00e1\u0159\u00ed v\u00a0s\u00e1le 217 na Novotn\u00e9ho l\u00e1vce pod tradi\u010dn\u00ed odbornou garanc\u00ed Ing.\u00a0Pol\u00e1\u010dka\u00a0\u2013 \u010dlena v\u00fdboru a\u00a0pracovn\u00edka VD TBD,\u00a0a.\u00a0s. Z\u00fa\u010dastnilo se jej 82 osob, z\u00a0toho 75 plat\u00edc\u00edch a\u00a0z\u00a0nich 20 bylo z\u00a0M\u00da \u010di K\u00da. Bylo p\u0159edneseno p\u011bt v\u00edce ne\u017e hodinov\u00fdch p\u0159edn\u00e1\u0161ek s\u00a0navazuj\u00edc\u00ed bohatou diskus\u00ed. Ing.\u00a0Pol\u00e1\u010dek tlumo\u010dil v\u00fdboru n\u00e1vrh \u00fa\u010dastn\u00edk\u016f semin\u00e1\u0159e, aby se dal\u0161\u00ed odborn\u00e1 akce podobn\u00e9ho zam\u011b\u0159en\u00ed konala op\u011bt za dva roky, tj.\u00a0v\u00a0roce 2018.<\/p>\n<ul>\n<li><strong>Dopad hydrologick\u00e9ho sucha na jakost povrchov\u00fdch vod<\/strong><\/li>\n<\/ul>\n<p>Akce se uskute\u010dnila 12.\u00a0\u0159\u00edjna v\u00a0s\u00e1le 319 na Novotn\u00e9ho l\u00e1vce s\u00a0odborn\u00fdm garantem Ing.\u00a0Mi\u010dan\u00edkem\u00a0\u2013 p\u0159edsedou OS OV\u010cV. Vlastn\u00ed odborn\u00e9 akce se z\u00fa\u010dastnilo 61 odborn\u00edk\u016f, z\u00a0toho 52 plat\u00edc\u00edch a\u00a0z\u00a0nich 10 lid\u00ed z\u00a0M\u00da nebo K\u00da. Na akci bylo p\u0159edneseno sedm p\u0159\u00edsp\u011bvk\u016f zam\u011b\u0159en\u00fdch na problematiku sucha z\u00a0r\u016fzn\u00fdch \u00fahl\u016f, mezi nimi\u017e bylo i\u00a0vystoupen\u00ed Mgr.\u00a0Riedera, zde ale z\u00a0pozice jednoho ze dvou spolup\u0159edsed\u016f Mezirezortn\u00ed komise VODA\u00ad\u2011SUCHO.<\/p>\n<ul>\n<li><strong>Semin\u00e1\u0159 Adolfa Patery\u00a0\u2013 \u00daloha n\u00e1dr\u017e\u00ed p\u0159i zvl\u00e1d\u00e1n\u00ed extr\u00e9mn\u00edch hydrologick\u00fdch jev\u016f v\u00a0povod\u00edch<\/strong><\/li>\n<\/ul>\n<p>Akce se konala 16.\u00a0listopadu v\u00a0s\u00e1le 417. Odborn\u00fdm garantem byl doc.\u00a0Dr.\u00a0Ing.\u00a0Pavel Fo\u0161umpaur (\u010dlen v\u00fdboru a\u00a0pracovn\u00edk KHT \u010cVUT), tradi\u010dn\u011b spole\u010dn\u011b s\u00a0prof.\u00a0Ing.\u00a0Milo\u0161em Star\u00fdm,\u00a0CSc. (VUT v\u00a0Brn\u011b, Fakulta stavebn\u00ed), kter\u00fd se tentokr\u00e1t omluvil z\u00a0p\u0159\u00edm\u00e9 \u00fa\u010dasti, s\u00a0prof.\u00a0Ing.\u00a0J\u00e1nem Szolgayem,\u00a0Ph.D. (STU v\u00a0Bratislav\u011b, Stavebn\u00e1 fakulta), a\u00a0doc.\u00a0Ing.\u00a0Ladislavem Satrapou,\u00a0CSc. (\u010cVUT v\u00a0Praze, Fakulta stavebn\u00ed). Doc.\u00a0Fo\u0161umpaur p\u0159ipravil program doporu\u010den\u00fd na z\u00e1\u0159ijov\u00e9m jedn\u00e1n\u00ed v\u00fdboru a\u00a0dohodl vstupn\u00ed\u00a0p\u0159edn\u00e1\u0161ky s\u00a0vybran\u00fdmi odborn\u00edky ze v\u0161ech p\u011bti st\u00e1tn\u00edch podnik\u016f Povod\u00ed a\u00a0tak\u00e9 s\u00a0prof.\u00a0V. Bro\u017eou,\u00a0DrSc., z\u00a0\u010cVUT a\u00a0prof.\u00a0Bedn\u00e1rovou,\u00a0Ph.D., z\u00a0STU Bratislava (p\u0159edsedkyn\u011b SPV). Semin\u00e1\u0159e se nakonec \u00fa\u010dastnilo p\u0159esn\u011b 100 \u00fa\u010dastn\u00edk\u016f, z\u00a0toho 18 ze Slovenska, tak\u017ee jako v\u017edy to byl semin\u00e1\u0159 se zahrani\u010dn\u00ed \u00fa\u010dast\u00ed. U\u00a0t\u00e9to odborn\u00e9 akce je tradi\u010dn\u011b poskytov\u00e1n v\u00fdrazn\u011b sn\u00ed\u017een\u00fd vstupn\u00ed poplatek prezen\u010dn\u00edm doktorand\u016fm, t\u011bch se dostavilo osm.<\/p>\n<ul>\n<li><strong>Ochrann\u00e1 p\u00e1sma povrchov\u00fdch zdroj\u016f pitn\u00e9 vody<\/strong><\/li>\n<\/ul>\n<p>Semin\u00e1\u0159 se konal 20.\u00a0prosince v\u00a0s\u00e1le 319 na Novotn\u00e9ho l\u00e1vce pod odbornou garanc\u00ed Ing.\u00a0B. M\u00fcllera, \u010dlena kontroln\u00ed komise a\u00a0p\u0159edsedy OS vodohospod\u00e1\u0159\u016f senior\u016f. Semin\u00e1\u0159e se z\u00fa\u010dastnilo celkem 88 \u00fa\u010dastn\u00edk\u016f. Semin\u00e1\u0159 byl velmi pozitivn\u011b akceptov\u00e1n a\u00a0\u00fa\u010dastn\u00edci projevovali velk\u00fd z\u00e1jem i\u00a0o\u00a0p\u0159\u00edstup k\u00a0pou\u017eit\u00fdm prezentac\u00edm, kter\u00e9 byly na webu \u010cVTVHS vyv\u011b\u0161eny se zpo\u017ed\u011bn\u00edm zp\u016fsoben\u00fdm v\u00e1no\u010dn\u00edmi sv\u00e1tky a\u00a0dovolen\u00fdmi.<\/p>\n<h2>\u010cVTVHS v\u00a0roce 2017<\/h2>\n<p>Pokud jde o\u00a0odborn\u00e9 akce v\u00a0roce 2017, lze v\u00a0t\u00e9to chv\u00edli uv\u00e9st n\u011bkolik z\u00e1m\u011br\u016f, kter\u00e9 se \u010dasem budou zp\u0159es\u0148ovat a\u00a0nepochybn\u011b i\u00a0dopl\u0148ovat dal\u0161\u00edmi:<\/p>\n<ul>\n<li><strong>Hydrologie mal\u00e9ho povod\u00ed<\/strong><\/li>\n<\/ul>\n<p>Jedn\u00e1 se o\u00a0tradi\u010dn\u00ed, ji\u017e \u0161estou konferenci s\u00a0mezin\u00e1rodn\u00ed \u00fa\u010dast\u00ed, kter\u00e1 se bude konat 18.\u201320.\u00a0dubna\u00a02017 v\u00a0s\u00e1lech 217 a\u00a0213 a\u00a0jej\u00edm odborn\u00fdm garantem bude jako v\u017edy Ing.\u00a0Miroslav Tesa\u0159,\u00a0CSc., \u010dlen v\u00fdboru \u010cVTVHS, z. s., a\u00a0v\u011bdeck\u00fd pracovn\u00edk \u00dastavu hydrodynamiky AV \u010cR. Pozv\u00e1nky s\u00a0p\u0159ihl\u00e1\u0161kami \u00fa\u010dasti i\u00a0p\u0159ednesen\u00ed p\u0159\u00edsp\u011bvku \u010di p\u0159\u00edpravy posteru byly rozesl\u00e1ny, p\u0159edb\u011b\u017en\u00fd rozpo\u010det byl projedn\u00e1n a\u00a0schv\u00e1len a\u00a0vede ke vlo\u017en\u00e9mu ve v\u00fd\u0161i 3\u2009872\u2008K\u010d v\u010detn\u011b DPH. Vlo\u017en\u00e9 zahrnuje i\u00a0n\u00e1klady na ob\u010derstven\u00ed, ob\u011bdy i\u00a0ve\u010dern\u00ed raut a\u00a0tak\u00e9 na vyd\u00e1n\u00ed sborn\u00edku na kvalitn\u00edm flash disku, co\u017e je novinka leto\u0161n\u00ed konference. Sn\u00ed\u017een\u00e9 vlo\u017en\u00e9 pro \u010dleny \u010cVTVHS a\u00a0pracovn\u00edky O\u00da a\u00a0K\u00da nebude p\u0159i t\u00e9to akci vyu\u017eito.<\/p>\n<ul>\n<li><strong>semin\u00e1\u0159 VaK<\/strong><\/li>\n<\/ul>\n<p>Semin\u00e1\u0159 se bude konat v\u00a0s\u00e1le 319 dne 3.\u00a0kv\u011btna\u00a02017, podle doporu\u010den\u00ed \u00fa\u010dastn\u00edk\u016f lo\u0148sk\u00e9ho semin\u00e1\u0159e bude pravd\u011bpodobn\u011b zam\u011b\u0159en\u00fd na ekonomiku VaK. Odborn\u00fdm garantem semin\u00e1\u0159e bude Ing.\u00a0Jan Plechat\u00fd, \u010dlen v\u00fdboru a\u00a0p\u0159edseda p\u0159edstavenstva VRV\u00a0a.\u00a0s., kter\u00fd p\u0159edpokl\u00e1d\u00e1, \u017ee z\u00e1jem o\u00a0semin\u00e1\u0159 projev\u00ed nejv\u00edce z\u00e1stupci men\u0161\u00edch obc\u00ed a\u00a0zjist\u00ed, zda pro n\u011b m\u00e1 v\u00fdznam p\u0159\u00edpadn\u00e1 akreditace akce u\u00a0MV, proto\u017ee to by znamenalo n\u00e1rok na v\u010dasn\u00e9 uzav\u0159en\u00ed programu akce a\u00a0seznamu p\u0159edn\u00e1\u0161ej\u00edc\u00edch.<\/p>\n<ul>\n<li><strong>Sedimenty vodn\u00fdch tokov a\u00a0n\u00e1dr\u017e\u00ed<\/strong><\/li>\n<\/ul>\n<p>Jedn\u00e1 se o\u00a0osmou konferenci tohoto zam\u011b\u0159en\u00ed s\u00a0mezin\u00e1rodn\u00ed \u00fa\u010dast\u00ed, kter\u00e1 se bude konat 17.\u201318.\u00a0kv\u011btna\u00a02017 v\u00a0Bratislav\u011b a\u00a0\u010cVTVHS, z. s., se bude pod\u00edlet na jej\u00ed p\u0159\u00edprav\u011b zejm\u00e9na informa\u010dn\u00ed a\u00a0propaga\u010dn\u00ed formou. Odborn\u00fdm garantem je Ing.\u00a0Pavel Hucko,\u00a0CSc., p\u0159edseda Slovensk\u00e9 vodohospod\u00e1\u0159sk\u00e9 spole\u010dnosti a\u00a0p\u0159edn\u00ed pracovn\u00edk V\u00fdskumn\u00e9ho \u00fastavu vodn\u00e9ho hospod\u00e1rstva v\u00a0Bratislav\u011b.<\/p>\n<ul>\n<li><strong>Valn\u00e1 hromada \u010cVTVHS, z. s.<\/strong><\/li>\n<\/ul>\n<p>Zased\u00e1n\u00ed se bude konat v\u00a0s\u00e1le 319 dne 24.\u00a0kv\u011btna\u00a02017 a\u00a0bude stejn\u011b jako loni nevolebn\u00ed. P\u0159\u00edprava na ni bude sou\u010d\u00e1st\u00ed b\u0159eznov\u00e9ho a\u00a0dubnov\u00e9ho jedn\u00e1n\u00ed v\u00fdboru.<\/p>\n<ul>\n<li><strong>18<sup>th<\/sup> International Conference on Transport and Sedimentation of Solid Particles<\/strong><\/li>\n<\/ul>\n<p>\u010cVTVHS, z. s., se bude spolupod\u00edlet na organizaci mezin\u00e1rodn\u00ed konference, kterou po\u0159\u00e1d\u00e1 11.\u201315.\u00a0z\u00e1\u0159\u00ed\u00a02017 v\u00a0s\u00e1le 319 na Novotn\u00e9ho l\u00e1vce jako hlavn\u00ed organiz\u00e1tor \u00dastav hydrodynamiky AV \u010cR s\u00a0odbornou garanc\u00ed prof.\u00a0Ing.\u00a0Pavla Vlas\u00e1ka,\u00a0DrSc., n\u00e1m. \u0159editele \u00daH AV \u010cR.<\/p>\n<ul>\n<li><strong>Vodn\u00ed n\u00e1dr\u017ee<\/strong><\/li>\n<\/ul>\n<p>Konference se bude konat 3.\u20134.\u00a0\u0159\u00edjna v\u00a0Brn\u011b v\u00a0hotelu Holiday Inn pod organiza\u010dn\u00ed a\u00a0odbornou gesc\u00ed Povod\u00ed Moravy,\u00a0s.\u00a0p.\u00a0\u010cVTVHS se bude pod\u00edlet na p\u0159\u00edprav\u011b konference. V\u00a0t\u00e9to dob\u011b se p\u0159ipravuje k\u00a0rozesl\u00e1n\u00ed 1. cirkul\u00e1\u0159.<\/p>\n<ul>\n<li><strong>Podzemn\u00ed voda ve vodopr\u00e1vn\u00edm \u0159\u00edzen\u00ed XIII<\/strong><\/li>\n<\/ul>\n<p>Semin\u00e1\u0159, kter\u00fd se loni po mnoha letech ze z\u00e1va\u017en\u00fdch d\u016fvod\u016f nekonal, se uskute\u010dn\u00ed 25.\u00a0\u0159\u00edjna\u00a02017 na Novotn\u00e9ho l\u00e1vce v\u00a0s\u00e1le 217. Odborn\u00fdm garantem bude RNDr.\u00a0Jitka Novotn\u00e1 z\u00a0GEOtestu,\u00a0a.\u00a0s., Brno.<\/p>\n<ul>\n<li><strong>Semin\u00e1\u0159 Adolfa Patery (SAP 2017)<\/strong><\/li>\n<\/ul>\n<p>Semin\u00e1\u0159 bude op\u011bt zam\u011b\u0159en na extr\u00e9mn\u00ed hydrologick\u00e9 jevy v\u00a0povod\u00edch a\u00a0bude se konat 13.\u00a0listopadu\u00a02017 v\u00a0s\u00e1le 217 na Novotn\u00e9ho l\u00e1vce. Tradi\u010dn\u00edm odborn\u00fdm garantem semin\u00e1\u0159e bude doc.\u00a0Ing.\u00a0Pavel Fo\u0161umpaur, \u010dlen v\u00fdboru a\u00a0vedouc\u00ed pracovn\u00edk Katedry hydrotechniky Stavebn\u00ed fakulty \u010cVUT.<\/p>\n<ul>\n<li><strong>Vodn\u00ed toky<\/strong><\/li>\n<\/ul>\n<p>Tradi\u010dn\u00ed konference s\u00a0mezin\u00e1rodn\u00ed \u00fa\u010dast\u00ed se bude konat 21.\u201322.\u00a0listopadu\u00a02017 v\u00a0hotelu \u010cernigov v\u00a0Hradci Kr\u00e1lov\u00e9, hlavn\u00edm organiz\u00e1torem je VRV\u00a0a.\u00a0s. \u010cVTVHS, z. s., se stejn\u011b jako v\u0161echny podniky Povod\u00ed spolupod\u00edl\u00ed na p\u0159\u00edprav\u011b a\u00a0organizaci.<\/p>\n","protected":false},"excerpt":{"rendered":"<p>In 2016, the standard activity continued when the committee of company met ten times, including one at the exit meeting.<\/p>\n","protected":false},"author":8,"featured_media":2285,"comment_status":"closed","ping_status":"closed","sticky":false,"template":"","format":"standard","meta":{"_acf_changed":false,"footnotes":""},"categories":[2],"tags":[1999],"coauthors":[245],"class_list":["post-3370","post","type-post","status-publish","format-standard","has-post-thumbnail","hentry","category-from-the-world-of-water-management","tag-workshop-2"],"acf":[],"_links":{"self":[{"href":"https:\/\/www.vtei.cz\/en\/wp-json\/wp\/v2\/posts\/3370","targetHints":{"allow":["GET"]}}],"collection":[{"href":"https:\/\/www.vtei.cz\/en\/wp-json\/wp\/v2\/posts"}],"about":[{"href":"https:\/\/www.vtei.cz\/en\/wp-json\/wp\/v2\/types\/post"}],"author":[{"embeddable":true,"href":"https:\/\/www.vtei.cz\/en\/wp-json\/wp\/v2\/users\/8"}],"replies":[{"embeddable":true,"href":"https:\/\/www.vtei.cz\/en\/wp-json\/wp\/v2\/comments?post=3370"}],"version-history":[{"count":2,"href":"https:\/\/www.vtei.cz\/en\/wp-json\/wp\/v2\/posts\/3370\/revisions"}],"predecessor-version":[{"id":30380,"href":"https:\/\/www.vtei.cz\/en\/wp-json\/wp\/v2\/posts\/3370\/revisions\/30380"}],"wp:featuredmedia":[{"embeddable":true,"href":"https:\/\/www.vtei.cz\/en\/wp-json\/wp\/v2\/media\/2285"}],"wp:attachment":[{"href":"https:\/\/www.vtei.cz\/en\/wp-json\/wp\/v2\/media?parent=3370"}],"wp:term":[{"taxonomy":"category","embeddable":true,"href":"https:\/\/www.vtei.cz\/en\/wp-json\/wp\/v2\/categories?post=3370"},{"taxonomy":"post_tag","embeddable":true,"href":"https:\/\/www.vtei.cz\/en\/wp-json\/wp\/v2\/tags?post=3370"},{"taxonomy":"author","embeddable":true,"href":"https:\/\/www.vtei.cz\/en\/wp-json\/wp\/v2\/coauthors?post=3370"}],"curies":[{"name":"wp","href":"https:\/\/api.w.org\/{rel}","templated":true}]}}