{"id":30902,"date":"2021-07-02T13:00:21","date_gmt":"2021-07-02T12:00:21","guid":{"rendered":"https:\/\/www.vtei.cz\/2021\/07\/hydrologicka-bilance-vybranych-povodi-cr-se-zamerenim-na-suche-obdobi-2015-2019\/"},"modified":"2024-07-22T09:55:08","modified_gmt":"2024-07-22T08:55:08","slug":"hydrologicka-bilance-vybranych-povodi-cr-se-zamerenim-na-suche-obdobi-2015-2019","status":"publish","type":"post","link":"https:\/\/www.vtei.cz\/en\/2021\/07\/hydrologicka-bilance-vybranych-povodi-cr-se-zamerenim-na-suche-obdobi-2015-2019\/","title":{"rendered":"Hydrological balance in selected watersheds of the Czech Republic with focus on drought period 2015\u20132019"},"content":{"rendered":"<h4>This article is available in Czech only. For translation or more information on this topic, please contact author.<\/h4>\n<h2>Souhrn<\/h2>\n<p>P\u0159\u00edsp\u011bvek je v\u011bnov\u00e1n stanoven\u00ed a posouzen\u00ed hydrologick\u00e9 bilance na vybran\u00fdch povod\u00edch v \u010cesk\u00e9 republice b\u011bhem such\u00e9 periody v letech 2015\u20132019. Hydrologick\u00e1 bilance byla s vyu\u017eit\u00edm dat ze stani\u010dn\u00ed s\u00edt\u011b \u010cesk\u00e9ho hydrometeorologick\u00e9ho \u00fastavu (\u010cHM\u00da) zpracov\u00e1na k z\u00e1v\u011brov\u00fdm vodom\u011brn\u00fdm stanic\u00edm v povod\u00ed Blatn\u00e9ho potoka, Lomnice, Skalice, \u017dehrovky, Javorky, Cidliny, Boti\u010de a horn\u00ed S\u00e1zavy. Na povod\u00edch byly odvozeny m\u011bs\u00ed\u010dn\u00ed, dlouhodob\u00e9 m\u011bs\u00ed\u010dn\u00ed a ro\u010dn\u00ed sr\u00e1\u017ekov\u00e9 \u00fahrny, m\u011bs\u00ed\u010dn\u00ed, ro\u010dn\u00ed, p\u0159\u00edpadn\u011b dlouhodob\u00e9 m\u011bs\u00ed\u010dn\u00ed v\u00fd\u0161ky odtoku a v\u00fd\u0161ky skute\u010dn\u00e9 m\u011bs\u00ed\u010dn\u00ed evapotranspirace (pro m\u011bs\u00edce duben a\u017e \u0159\u00edjen) za obdob\u00ed 2015\u20132019, kter\u00e9 byly porovn\u00e1ny s odpov\u00eddaj\u00edc\u00edmi norm\u00e1lov\u00fdmi hodnotami za obdob\u00ed 1981\u20132010. Odtoky z povod\u00ed v letech 2015\u20132019 byly d\u00e1le porovn\u00e1ny s pr\u016fm\u011brem za cel\u00e9 obdob\u00ed pozorov\u00e1n\u00ed dan\u00e9 vodom\u011brn\u00e9 stanice.<\/p>\n<h2>\u00davod<\/h2>\n<p>Sucho bylo v\u00a0posledn\u00ed dob\u011b v\u00fdrazn\u011b sklo\u0148ovan\u00fd pojem, a\u00a0to jak mezi odborn\u00edky a\u00a0na poli v\u011bdy, tak i\u00a0ve st\u00e1tn\u00ed spr\u00e1v\u011b \u010di mezi \u0161irokou ve\u0159ejnost\u00ed. O\u00a0suchu se pravideln\u011b objevovaly \u010dl\u00e1nky v\u00a0m\u00e9di\u00edch. \u00dadaje o\u00a0projevech sucha zpracov\u00e1vaj\u00ed a\u00a0informace o\u00a0jeho pr\u016fb\u011bhu nebo z\u00e1va\u017enosti p\u0159in\u00e1\u0161ej\u00ed webov\u00e9 aplikace r\u016fzn\u00fdch instituc\u00ed (jmenujme nap\u0159\u00edklad projekt \u201eIntersucho\u201c \u010di HAMR). Problematika sucha se projedn\u00e1vala na vl\u00e1d\u011b a\u00a0byla postupn\u011b za\u010dlen\u011bna do legislativn\u00edho procesu, suchem se zab\u00fdvaj\u00ed na v\u011bdeck\u00e9 i\u00a0akademick\u00e9 p\u016fd\u011b.<\/p>\n<p>V\u00a0letech 2014\u20132019 zas\u00e1hlo \u010ceskou republiku v\u00fdznamn\u00e9 sucho, kter\u00e9 se projevilo ve v\u0161ech jeho definic\u00edch, a\u0165 u\u017e to byl nedostatek sr\u00e1\u017eek, vysych\u00e1n\u00ed p\u016fdy a\u00a0nedostatek vl\u00e1hy pro rostliny, pokles hladin podzemn\u00ed vody ve vrtech, nebo dlouhodob\u00fd pokles pr\u016ftok\u016f ve vodn\u00edch toc\u00edch.<\/p>\n<p>Tato such\u00e1 epizoda byla zpracov\u00e1na v\u00a0podob\u011b porovn\u00e1n\u00ed sr\u00e1\u017eek, odtok\u016f a\u00a0evapotranspirace na vybran\u00fdch, relativn\u011b mal\u00fdch povod\u00edch v\u00a0\u010cesk\u00e9 republice, kde bylo mo\u017en\u00e9 vyu\u017e\u00edt klimatick\u00fdch a\u00a0hydrologick\u00fdch dat stani\u010dn\u00ed s\u00edt\u011b \u010cHM\u00da. Zpracov\u00e1n\u00ed je sou\u010d\u00e1st\u00ed \u0159e\u0161en\u00ed projektu \u201eVliv mal\u00fdch vodn\u00edch n\u00e1dr\u017e\u00ed na hladinu podzemn\u00edch vod a\u00a0celkovou hydrologickou bilanci s\u00a0d\u016frazem na such\u00e1 obdob\u00ed\u201c, kde je \u010cHM\u00da zapojen jako spolu\u0159e\u0161itel spole\u010dn\u011b s\u00a0\u010cesk\u00fdm vysok\u00fdm u\u010den\u00edm technick\u00fdm v\u00a0Praze a\u00a0V\u00daV TGM Jednou z\u00a0hlavn\u00edch n\u00e1pln\u00ed projektu je z\u0159\u00edzen\u00ed komplexn\u00edho sledov\u00e1n\u00ed slo\u017eek hydrologick\u00e9 bilance ve vybran\u00fdch lokalit\u00e1ch (uveden\u00fdch na <em>obr.\u00a01<\/em>), anal\u00fdza mal\u00fdch vodn\u00edch n\u00e1dr\u017e\u00ed na z\u00e1klad\u011b dat d\u00e1lkov\u00e9ho pr\u016fzkumu Zem\u011b (DPZ) \u010di modelov\u00e1n\u00ed hydrologick\u00e9 bilance povod\u00ed s\u00a0mal\u00fdmi vodn\u00edmi n\u00e1dr\u017eemi. Projekt je zam\u011b\u0159en zejm\u00e9na na p\u0159\u00edm\u00e9 sledov\u00e1n\u00ed hydrologick\u00fdch veli\u010din: hladiny ve vodn\u00edm toku pro ur\u010den\u00ed pr\u016ftok\u016f, hladiny v\u00a0n\u00e1dr\u017ei a\u00a0hladiny podzemn\u00ed vody v\u00a0bezprost\u0159edn\u00edm okol\u00ed n\u00e1dr\u017ee, a\u00a0nav\u00edc v\u00fdparu z\u00a0vodn\u00ed hladiny pomoc\u00ed plovouc\u00edho v\u00fdparom\u011bru. V\u00a0z\u00e1v\u011bre\u010dn\u00e9 f\u00e1zi projektu se p\u0159edpokl\u00e1d\u00e1 komplexn\u00ed vyhodnocen\u00ed m\u011b\u0159en\u00fdch hodnot a\u00a0porovn\u00e1n\u00ed s\u00a0v\u00fdsledky uveden\u00fdmi v\u00a0tomto \u010dl\u00e1nku.<\/p>\n<a href=\"https:\/\/www.vtei.cz\/wp-content\/uploads\/2021\/07\/Tyl-1.jpg\" rel=\"shadowbox[sbpost-30902];player=img;\"><img decoding=\"async\" width=\"800\" height=\"497\" class=\"size-full wp-image-12094 alignnone lazyload\" data-src=\"https:\/\/www.vtei.cz\/wp-content\/uploads\/2021\/07\/Tyl-1.jpg\" alt=\"\" data-srcset=\"https:\/\/www.vtei.cz\/wp-content\/uploads\/2021\/07\/Tyl-1.jpg 800w, https:\/\/www.vtei.cz\/wp-content\/uploads\/2021\/07\/Tyl-1-300x186.jpg 300w, https:\/\/www.vtei.cz\/wp-content\/uploads\/2021\/07\/Tyl-1-768x477.jpg 768w\" data-sizes=\"(max-width: 800px) 100vw, 800px\" src=\"data:image\/svg+xml;base64,PHN2ZyB3aWR0aD0iMSIgaGVpZ2h0PSIxIiB4bWxucz0iaHR0cDovL3d3dy53My5vcmcvMjAwMC9zdmciPjwvc3ZnPg==\" style=\"--smush-placeholder-width: 800px; --smush-placeholder-aspect-ratio: 800\/497;\" \/><\/a>\n<h6>Obr.\u00a01. Komplexn\u00ed monitoring na lokalit\u00e1ch Vav\u0159inec, Mr\u0161t\u00edn a\u00a0Mosti\u0161t\u011b<br \/>\nFig. 1. Field monitoring at Vav\u0159inec, Mr\u0161t\u00edn and Mosti\u0161t\u011b location<\/h6>\n<h2>Definice hydrologick\u00e9 bilance<\/h2>\n<p>Z\u00e1kladn\u00ed prostorovou jednotkou pro v\u00fdpo\u010det hydrologick\u00e9 bilance b\u00fdv\u00e1 nej\u010dast\u011bji povod\u00ed, ale m\u016f\u017ee to b\u00fdt i\u00a0jin\u00e1 plo\u0161n\u00e1 jednotka, nap\u0159. st\u00e1t nebo kontinent. Hranice povod\u00ed vymezuje fiktivn\u00ed \u010d\u00e1ra, rozvodnice, co\u017e je spojnice nejvy\u0161\u0161\u00edch m\u00edst, vrchol\u016f a\u00a0h\u0159eben\u016f odd\u011bluj\u00edc\u00ed sousedn\u00ed povod\u00ed. Rozvodnice d\u011bl\u00edme na orografick\u00e9, kde se p\u0159i stanoven\u00ed bere v\u00a0potaz pouze orografie (povrch) ter\u00e9nu, nebo hydrogeologick\u00e9, kde se p\u0159i odvozov\u00e1n\u00ed vyu\u017e\u00edv\u00e1 znalost\u00ed proud\u011bn\u00ed podzemn\u00ed vody a\u00a0geologick\u00e9 struktury povod\u00ed. D\u016fle\u017eit\u00e9 je si uv\u011bdomit, \u017ee ne v\u017edy koresponduj\u00ed orografick\u00e9 rozvodnice s\u00a0t\u011bmi hydrogeologick\u00fdmi a\u00a0\u017ee hodnoty slo\u017eek hydrologick\u00e9 bilance jsou t\u011bmito skute\u010dnostmi ovlivn\u011bny. Na velk\u00fdch povod\u00edch nen\u00ed tento rozd\u00edl tolik patrn\u00fd, jako m\u016f\u017ee b\u00fdt na povod\u00edch s\u00a0malou plochou. Sou\u010dasn\u011b zejm\u00e9na v\u00a0aridn\u00edch regionech s\u00a0v\u00fdrazn\u011b propustn\u00fdmi horninami mohou b\u00fdt rozd\u00edly mezi v\u00fdpo\u010dtem bilance nad orografick\u00fdmi a\u00a0hydrogeologick\u00fdmi rozvodnicemi v\u00fdznamn\u00e9 [1]. Z\u00e1v\u011brov\u00fdm profilem, kde se bilancuje mno\u017estv\u00ed vody v\u00a0povod\u00ed, b\u00fdv\u00e1 nej\u010dast\u011bji vodom\u011brn\u00e1 stanice s\u00a0kontinu\u00e1ln\u00edm z\u00e1znamem vodn\u00edch stav\u016f, respektive pr\u016ftok\u016f.<\/p>\n<p>Hydrologick\u00e1 bilance se zpracov\u00e1v\u00e1 v\u017edy za n\u011bjakou \u010dasovou periodu, nap\u0159. m\u011bs\u00edc, rok, n\u011bkolik let \u010di hydrologickou ud\u00e1lost (povode\u0148). Zkracov\u00e1n\u00edm bilan\u010dn\u00edho obdob\u00ed kles\u00e1 p\u0159esnost v\u00fdpo\u010dtu, jeliko\u017e lze h\u016f\u0159e stanovit a\u00a0separovat jednotliv\u00e9 slo\u017eky, n\u00e1le\u017eej\u00edc\u00ed pr\u00e1v\u011b definovan\u00e9mu \u010dasov\u00e9mu \u00faseku [2].<\/p>\n<p>V\u00fdpo\u010det hydrologick\u00e9 bilance vych\u00e1z\u00ed ze z\u00e1kladn\u00ed bilan\u010dn\u00ed rovnice ob\u011bhu vody. Matematicky ji lze vyj\u00e1d\u0159it rovnic\u00ed [2, 3]:<\/p>\n<a href=\"https:\/\/www.vtei.cz\/wp-content\/uploads\/2021\/07\/Tyl-vzorec-1.jpg\" rel=\"shadowbox[sbpost-30902];player=img;\"><img decoding=\"async\" width=\"800\" height=\"125\" class=\"size-full wp-image-12096 alignnone lazyload\" data-src=\"https:\/\/www.vtei.cz\/wp-content\/uploads\/2021\/07\/Tyl-vzorec-1.jpg\" alt=\"\" data-srcset=\"https:\/\/www.vtei.cz\/wp-content\/uploads\/2021\/07\/Tyl-vzorec-1.jpg 800w, https:\/\/www.vtei.cz\/wp-content\/uploads\/2021\/07\/Tyl-vzorec-1-300x47.jpg 300w, https:\/\/www.vtei.cz\/wp-content\/uploads\/2021\/07\/Tyl-vzorec-1-768x120.jpg 768w\" data-sizes=\"(max-width: 800px) 100vw, 800px\" src=\"data:image\/svg+xml;base64,PHN2ZyB3aWR0aD0iMSIgaGVpZ2h0PSIxIiB4bWxucz0iaHR0cDovL3d3dy53My5vcmcvMjAwMC9zdmciPjwvc3ZnPg==\" style=\"--smush-placeholder-width: 800px; --smush-placeholder-aspect-ratio: 800\/125;\" \/><\/a>\n<table style=\"border-style: none; width: 87.7545%; height: 129px;\">\n<tbody>\n<tr style=\"border-style: none;\">\n<td style=\"border-style: none; width: 3.08924%; height: 27px;\">kde<\/td>\n<td style=\"border-style: none; width: 2.86041%; height: 27px;\"><em>H<sub>S<\/sub><\/em><\/td>\n<td style=\"border-style: none; width: 1.60183%; height: 27px;\">je<\/td>\n<td style=\"border-style: none; width: 91.4188%; height: 27px;\">mno\u017estv\u00ed sr\u00e1\u017eek spadl\u00fdch na povod\u00ed<\/td>\n<\/tr>\n<tr style=\"border-style: none;\">\n<td style=\"border-style: none; width: 3.08924%; height: 27px;\"><\/td>\n<td style=\"border-style: none; width: 2.86041%; height: 27px;\"><em>H<sub>O<\/sub><\/em><\/td>\n<td style=\"border-style: none; width: 1.60183%; height: 27px;\"><\/td>\n<td style=\"border-style: none; width: 91.4188%; height: 27px;\">mno\u017estv\u00ed odtoku vody z\u00a0povod\u00ed<\/td>\n<\/tr>\n<tr style=\"border-style: none;\">\n<td style=\"border-style: none; width: 3.08924%; height: 27px;\"><\/td>\n<td style=\"border-style: none; width: 2.86041%; height: 27px;\"><em>H<sub>V<\/sub><\/em><\/td>\n<td style=\"border-style: none; width: 1.60183%; height: 27px;\"><\/td>\n<td style=\"border-style: none; width: 91.4188%; height: 27px;\">mno\u017estv\u00ed v\u00fdparu z\u00a0povod\u00ed<\/td>\n<\/tr>\n<tr style=\"border-style: none;\">\n<td style=\"border-style: none; width: 3.08924%; height: 48px;\"><\/td>\n<td style=\"border-style: none; width: 2.86041%; height: 48px;\"><em>R<\/em><\/td>\n<td style=\"border-style: none; width: 1.60183%; height: 48px;\"><\/td>\n<td style=\"border-style: none; width: 91.4188%; height: 48px;\">zm\u011bna z\u00e1soby vody v povod\u00ed za danou \u010dasovou periodu\u2028(v rybn\u00edc\u00edch, jezerech, p\u016fd\u011b, sn\u011bhu, podzemn\u00edch vod\u00e1ch)<\/td>\n<\/tr>\n<\/tbody>\n<\/table>\n<p>&nbsp;<\/p>\n<p>Do v\u00fdparu z\u00a0povod\u00ed \u0159ad\u00edme v\u00fdpar z\u00a0p\u016fdy, rostlinn\u00e9ho pokryvu, voln\u00e9 hladiny a\u00a0transpiraci rostlin, souhrnn\u011b naz\u00fdvan\u00e9 evapotranspirace. Hodnota evapotranspirace je prakticky v\u017edy v\u00fdznamnou a\u00a0velmi \u010dasto hlavn\u00ed slo\u017ekou hydrologick\u00e9 bilance [1], p\u0159itom je to slo\u017eka obt\u00ed\u017en\u011b kvantifikovateln\u00e1. V\u00fdjimku tvo\u0159\u00ed povod\u0148ov\u00e9 ud\u00e1losti s\u00a0kr\u00e1tkou dobou trv\u00e1n\u00ed, p\u0159i kter\u00fdch je \u00fazemn\u00ed v\u00fdpar ve srovn\u00e1n\u00ed s\u00a0ostatn\u00edmi slo\u017ekami hydrologick\u00e9 bilance zpravidla nepom\u011brn\u011b men\u0161\u00ed a\u00a0\u010dasto je z\u00a0toho d\u016fvodu zanedb\u00e1v\u00e1n. Za p\u0159edpokladu, \u017ee se mno\u017estv\u00ed vody v\u00a0povod\u00ed za vybranou \u010dasovou periodu nem\u011bn\u00ed, tedy <em>R <\/em>se rovn\u00e1 nule, lze rovnici hydrologick\u00e9 bilance zjednodu\u0161it na tvar:<\/p>\n<a href=\"https:\/\/www.vtei.cz\/wp-content\/uploads\/2021\/07\/Tyl-vzorec-2.jpg\" rel=\"shadowbox[sbpost-30902];player=img;\"><img decoding=\"async\" width=\"800\" height=\"125\" class=\"size-full wp-image-12098 alignnone lazyload\" data-src=\"https:\/\/www.vtei.cz\/wp-content\/uploads\/2021\/07\/Tyl-vzorec-2.jpg\" alt=\"\" data-srcset=\"https:\/\/www.vtei.cz\/wp-content\/uploads\/2021\/07\/Tyl-vzorec-2.jpg 800w, https:\/\/www.vtei.cz\/wp-content\/uploads\/2021\/07\/Tyl-vzorec-2-300x47.jpg 300w, https:\/\/www.vtei.cz\/wp-content\/uploads\/2021\/07\/Tyl-vzorec-2-768x120.jpg 768w\" data-sizes=\"(max-width: 800px) 100vw, 800px\" src=\"data:image\/svg+xml;base64,PHN2ZyB3aWR0aD0iMSIgaGVpZ2h0PSIxIiB4bWxucz0iaHR0cDovL3d3dy53My5vcmcvMjAwMC9zdmciPjwvc3ZnPg==\" style=\"--smush-placeholder-width: 800px; --smush-placeholder-aspect-ratio: 800\/125;\" \/><\/a>\n<p>V\u00a0\u010cesk\u00e9 republice zpracov\u00e1v\u00e1 \u010cHM\u00da ka\u017edoro\u010dn\u011b hydrologickou bilanci (viz nap\u0159. [4]), v\u00a0n\u00ed\u017e se pro 10 d\u00edl\u010d\u00edch povod\u00ed uv\u00e1d\u011bj\u00ed hodnoty o\u00a0atmosf\u00e9rick\u00fdch sr\u00e1\u017ek\u00e1ch, celkov\u00e9m a\u00a0z\u00e1kladn\u00edm odtoku, z\u00e1sob\u00e1ch vody ve sn\u011bhov\u00e9 pokr\u00fdvce, zm\u011bn\u00e1ch z\u00e1sob podzemn\u00ed vody a\u00a0p\u0159irozen\u00fdch pr\u016ftoc\u00edch ve vybran\u00fdch vodn\u00edch toc\u00edch. Zpracov\u00e1n\u00ed hydrologick\u00e9 bilance \u010cR je d\u00e1no z\u00e1konem 254\/2001 Sb., o\u00a0vod\u00e1ch a\u00a0o\u00a0zm\u011bn\u011b n\u011bkter\u00fdch z\u00e1kon\u016f (vodn\u00ed z\u00e1kon), podrobnosti stanovuje vyhl\u00e1\u0161ka Ministerstva zem\u011bd\u011blstv\u00ed 431\/2001 Sb., o\u00a0obsahu vodn\u00ed bilance, zp\u016fsobu jej\u00edho stanoven\u00ed a\u00a0\u00fadaj\u00edch pro vodn\u00ed bilanci.<\/p>\n<h2>Zpracov\u00e1n\u00ed dat<\/h2>\n<h3>Sr\u00e1\u017eky<\/h3>\n<p>Ro\u010dn\u00ed, m\u011bs\u00ed\u010dn\u00ed a\u00a0dlouhodob\u00e9 m\u011bs\u00ed\u010dn\u00ed rastry sr\u00e1\u017eek byly odvozeny s\u00a0vyu\u017eit\u00edm orografick\u00e9 interpolace z\u00a0bodov\u00fdch pozorov\u00e1n\u00ed ve sr\u00e1\u017ekom\u011brn\u00fdch stanic\u00edch. Pro vybran\u00e1 povod\u00ed byly hodnoty sr\u00e1\u017eek n\u00e1sledn\u011b stanoveny jako prost\u00fd plo\u0161n\u00fd pr\u016fm\u011br.<\/p>\n<h3>Odtoky<\/h3>\n<p>Ro\u010dn\u00ed a\u00a0m\u011bs\u00ed\u010dn\u00ed odtoky jsou v\u00a0tomto \u010dl\u00e1nku uv\u00e1d\u011bny jako odtokov\u00e1 v\u00fd\u0161ka, co\u017e p\u0159edstavuje v\u00fd\u0161ku vody na povod\u00ed v\u00a0milimetrech za dan\u00e9 \u010dasov\u00e9 obdob\u00ed. Jedn\u00e1 se o\u00a0objem vody, protekl\u00fd z\u00e1v\u011brov\u00fdm profilem za danou \u010dasovou jednotku, rovnom\u011brn\u011b rozprost\u0159en\u00fd na plochu povod\u00ed. Odtoky byly spo\u010d\u00edt\u00e1ny z\u00a0pozorovan\u00fdch hodnot vodn\u00edch stav\u016f, je\u017e jsou pomoc\u00ed m\u011brn\u00fdch k\u0159ivek p\u0159ev\u00e1d\u011bny na pr\u016ftoky.<\/p>\n<h3>Odtokov\u00fd koeficient<\/h3>\n<p>Pod\u00edlem odtoku a\u00a0sr\u00e1\u017eky dostaneme hodnotu odtokov\u00e9ho koeficientu, co\u017e je hodnota, kter\u00e1 vyjad\u0159uje relativn\u011b nebo procentu\u00e1ln\u011b, jak\u00e9 mno\u017estv\u00ed vody ze spadl\u00e9 sr\u00e1\u017eky odte\u010de z\u00e1v\u011brov\u00fdm profilem, op\u011bt za danou jednotku \u010dasu.<\/p>\n<h3>Zpracov\u00e1n\u00ed evapotranspirace<\/h3>\n<p>V\u00fdpo\u010det potenci\u00e1ln\u00ed a\u00a0skute\u010dn\u00e9 evapotranspirace prob\u00edh\u00e1 v\u00a0\u010cHM\u00da na pobo\u010dce Brno prost\u0159ednictv\u00edm agrometeorologick\u00e9ho modelu AVISO (Agrometeorologick\u00e1 v\u00fdpo\u010detn\u00ed a\u00a0informa\u010dn\u00ed soustava). Vstupem do modelu jsou meteorologick\u00e1 data pro soubor 198 automatick\u00fdch klimatologick\u00fdch stanic stani\u010dn\u00ed s\u00edt\u011b \u010cHM\u00da, v\u00fdstupem jsou modelovan\u00e1 data agrometeorologick\u00fdch charakteristik v\u00a0bodov\u00e9 s\u00edti [5].<\/p>\n<p>Jedn\u00edm z dal\u0161\u00edch v\u00fdstup\u016f, kde se bodov\u00e9 hodnoty evapotranspirace pou\u017e\u00edvaj\u00ed, je Indik\u00e1tor p\u0159\u00edvalov\u00fdch povodn\u00ed (flash flood indicator, zkr\u00e1cen\u011b FFI). Bodov\u00e9 hodnoty skute\u010dn\u00e9 evapotranspirace (odhad pro st\u0159edn\u011b t\u011b\u017ek\u00e9 p\u016fdy, p\u00eds\u010ditohlinit\u00e9 a\u017e hlinit\u00e9 p\u016fdy a pro p\u016fdn\u00ed pokryv typu travn\u00ed porosty) jsou interpolov\u00e1ny v denn\u00edm kroku do rastru pomoc\u00ed interpola\u010dn\u00ed metody v\u00e1\u017een\u00e9 inverzn\u00ed vzd\u00e1lenosti (IDW, inverse distance weighted interpolation) a vstupuj\u00ed do dal\u0161\u00edch v\u00fdpo\u010dt\u016f Indik\u00e1toru p\u0159\u00edvalov\u00fdch povodn\u00ed.<\/p>\n<p>Z\u00a0denn\u00edch rastr\u016f skute\u010dn\u00e9 evapotranspirace vstupuj\u00edc\u00edch do v\u00fdpo\u010dt\u016f FFI byly v\u00a0prost\u0159ed\u00ed GIS s\u00a0vyu\u017eit\u00edm matematick\u00e9 algebry spo\u010d\u00edt\u00e1ny m\u011bs\u00ed\u010dn\u00ed sumy pro obdob\u00ed duben a\u017e \u0159\u00edjen v\u00a0letech 2015\u20132019 a\u00a0z\u00a0nich byly odvozeny pr\u016fm\u011bry m\u011bs\u00ed\u010dn\u00edch hodnot na jednotliv\u00e1 povod\u00ed. V\u00fdpo\u010det FFI, a\u00a0tud\u00ed\u017e i\u00a0evapotranspirace, prob\u00edh\u00e1 od roku 2011, nebylo proto mo\u017en\u00e9 porovnat odvozen\u00e9 hodnoty s\u00a0dlouhodob\u00fdm pr\u016fm\u011brem za l\u00e9ta 1981\u20132010.<\/p>\n<h2>V\u00fdb\u011br a\u00a0popis vybran\u00fdch lokalit<\/h2>\n<p>Povod\u00ed, kter\u00e1 byla vybr\u00e1na pro v\u00fdpo\u010det hydrologick\u00e9 bilance, musela spl\u0148ovat n\u011bkolik\u00a0\u2013 \u010dasto protich\u016fdn\u00fdch\u00a0\u2013 krit\u00e9ri\u00ed. V\u00fdb\u011br byl prov\u00e1d\u011bn zejm\u00e9na s\u00a0ohledem na zad\u00e1n\u00ed projektu, tedy aby zde bylo mo\u017en\u00e9 zkoumat interakci mal\u00fdch vodn\u00edch n\u00e1dr\u017e\u00ed s\u00a0hladinou podzemn\u00ed vody v\u00a0bl\u00edzk\u00e9m okol\u00ed, jejich vliv na hydrologickou bilanci a\u00a0zam\u011b\u0159en\u00ed na such\u00e1 obdob\u00ed. V\u00fdb\u011br prob\u00edhal ve v\u00edce \u00farovn\u00edch s\u00a0t\u00edm, \u017ee k\u00a0povod\u00edm, na nich\u017e zat\u00edm nebyla provedena \u017e\u00e1dn\u00e1 anal\u00fdza, je mo\u017en\u00e9 se v\u00a0pr\u016fb\u011bhu \u0159e\u0161en\u00ed projektu vr\u00e1tit a\u00a0do souboru lokalit je doplnit.<\/p>\n<p>Vybran\u00e1 krit\u00e9ria v\u00fdb\u011bru povod\u00ed (ve vztahu k\u00a0celkov\u00e9 n\u00e1plni zm\u00edn\u011bn\u00e9ho projektu):<\/p>\n<ul>\n<li>existence rybn\u00edku, mal\u00e9 vodn\u00ed n\u00e1dr\u017ee nebo soustavy mal\u00fdch vodn\u00edch n\u00e1dr\u017e\u00ed (MVN)<\/li>\n<li>velikost plochy povod\u00ed do max. 500 km<sup>2<\/sup><\/li>\n<li>p\u0159\u00edpadn\u00e9 pozorov\u00e1n\u00ed na p\u0159\u00edtoku do n\u00e1dr\u017ee a na odtoku z n\u00e1dr\u017ee, ov\u0161em na n\u00e1dr\u017ei bez manipulac\u00ed a odb\u011br\u016f<\/li>\n<li>existence relativn\u011b dlouh\u00e9 \u0159ady pozorov\u00e1n\u00ed vodn\u00edch stav\u016f a vyhodnocen\u00ed pr\u016ftok\u016f<\/li>\n<li>dostupnost dat o hladin\u00e1ch podzemn\u00edch vod v m\u011blk\u00fdch vrtech, ide\u00e1ln\u011b v rozumn\u00e9m okol\u00ed MVN<\/li>\n<li>k\u00a0dispozici data o\u00a0v\u00fdparu<\/li>\n<li>odli\u0161n\u00e9 geologick\u00e9 podm\u00ednky ve srovn\u00e1n\u00ed s lokalitami Mr\u0161t\u00edn, Vav\u0159inec a Mosti\u0161t\u011b<\/li>\n<\/ul>\n<p>P\u0159ehled lokalit, kter\u00e9 byly zpracov\u00e1ny v\u00a0tomto p\u0159\u00edsp\u011bvku, p\u0159in\u00e1\u0161\u00ed mapa na <em>obr.\u00a02.<\/em><\/p>\n<a href=\"https:\/\/www.vtei.cz\/wp-content\/uploads\/2021\/07\/Tyl-2.jpg\" rel=\"shadowbox[sbpost-30902];player=img;\"><img decoding=\"async\" width=\"800\" height=\"480\" class=\"size-full wp-image-12102 alignnone lazyload\" data-src=\"https:\/\/www.vtei.cz\/wp-content\/uploads\/2021\/07\/Tyl-2.jpg\" alt=\"\" data-srcset=\"https:\/\/www.vtei.cz\/wp-content\/uploads\/2021\/07\/Tyl-2.jpg 800w, https:\/\/www.vtei.cz\/wp-content\/uploads\/2021\/07\/Tyl-2-300x180.jpg 300w, https:\/\/www.vtei.cz\/wp-content\/uploads\/2021\/07\/Tyl-2-768x461.jpg 768w\" data-sizes=\"(max-width: 800px) 100vw, 800px\" src=\"data:image\/svg+xml;base64,PHN2ZyB3aWR0aD0iMSIgaGVpZ2h0PSIxIiB4bWxucz0iaHR0cDovL3d3dy53My5vcmcvMjAwMC9zdmciPjwvc3ZnPg==\" style=\"--smush-placeholder-width: 800px; --smush-placeholder-aspect-ratio: 800\/480;\" \/><\/a>\n<h6>Obr.\u00a02. Lokality s\u00a0provedenou anal\u00fdzou hydrologick\u00e9 bilance<br \/>\nFig. 2. Location of interests with the hydrologic balance analysis<\/h6>\n<h3>Blatn\u00fd rybn\u00edk<\/h3>\n<p>Tato lokalita je zcela odli\u0161n\u00e1 od ostatn\u00edch vybran\u00fdch, zejm\u00e9na co se t\u00fdk\u00e1 nadmo\u0159sk\u00e9 v\u00fd\u0161ky, respektive klimatick\u00fdch podm\u00ednek v\u00a0pr\u016fb\u011bhu roku. Povod\u00ed se nach\u00e1z\u00ed v\u00a0nejvy\u0161\u0161\u00edch parti\u00edch Jizersk\u00fdch hor s\u00a0ra\u0161elini\u0161ti, ra\u0161elinn\u00fdmi loukami a\u00a0smr\u010dinami v\u00a0pramenn\u00e9 \u010d\u00e1sti. Pr\u016fm\u011brn\u00e1 nadmo\u0159sk\u00e1 v\u00fd\u0161ka povod\u00ed je 820\u00a0m\u00a0n.\u00a0m. Geologickou strukturu podlo\u017e\u00ed tvo\u0159\u00ed granity a\u017e granodiority dopln\u011bn\u00e9 slatinami, ra\u0161elinami a\u00a0hnilokaly [6]. Na odtoku z\u00a0rybn\u00edka existuje vodom\u011brn\u00e9 pozorov\u00e1n\u00ed ve stanici Blatn\u00fd potok s\u00a0mal\u00fdmi v\u00fdpadky od roku 1988 (plocha povod\u00ed <em>A<\/em>\u00a0= 4,76 km<sup>2<\/sup>). V\u00a0r\u00e1mci projektu bylo rozhodnuto o\u00a0po\u0159\u00edzen\u00ed a\u00a0instalaci nov\u00e9 vodom\u011brn\u00e9 stanice na p\u0159\u00edtoku do rybn\u00edka, kter\u00e1 prob\u011bhla na konci dubna 2020.<\/p>\n<h3>Boti\u010d (VD Hostiva\u0159)<\/h3>\n<p>V\u00a0povod\u00ed Boti\u010de bylo v\u00a0pr\u016fb\u011bhu let 2014 a\u00a02015 rekonstruov\u00e1no a\u00a0p\u0159evzato do \u010d\u00e1ste\u010dn\u00e9 spr\u00e1vy \u010cHM\u00da mnoho vodom\u011brn\u00fdch stanic, mj. na p\u0159\u00edtoku do VD\u00a0Hostiva\u0159 (stanice Praha-Petrovice, <em>A<\/em>\u00a0= 87,62 km<sup>2<\/sup>) a\u00a0na odtoku z\u00a0VD Hostiva\u0159 (stanice Praha-Hostiva\u0159, <em>A<\/em>\u00a0= 95,46 km<sup>2<\/sup>). \u0158ady vodn\u00edch stav\u016f nejsou dlouh\u00e9, ale je mo\u017en\u00e9 porovnat p\u0159\u00edtoky a\u00a0odtoky pro aktu\u00e1ln\u00ed such\u00e9 obdob\u00ed. P\u0159i anal\u00fdze \u010dasov\u00fdch \u0159ad pr\u016ftok\u016f je t\u0159eba br\u00e1t v\u00a0\u00favahu, \u017ee na VD Hostiva\u0159 se udr\u017euje rozd\u00edln\u00e1 letn\u00ed a\u00a0zimn\u00ed hladina, tud\u00ed\u017e \u017ee na podzim doch\u00e1z\u00ed k\u00a0odpou\u0161t\u011bn\u00ed n\u00e1dr\u017ee, na ja\u0159e zase k\u00a0dopou\u0161t\u011bn\u00ed. Krom\u011b t\u011bchto jarn\u00edch a\u00a0podzimn\u00edch zm\u011bn hladin se na n\u00e1dr\u017ei nemanipuluje, slou\u017e\u00ed zejm\u00e9na k\u00a0rekrea\u010dn\u00edm \u00fa\u010del\u016fm. P\u0159\u00edmo do n\u00e1dr\u017ee je za\u00fast\u011bn nepozorovan\u00fd H\u00e1jeck\u00fd potok, odvod\u0148uj\u00edc\u00ed\u00a0\u010d\u00e1sti severn\u00edho okraje Ji\u017en\u00edho M\u011bsta, co\u017e m\u016f\u017ee komplikovat vyhodnocen\u00ed za povod\u0148ov\u00fdch situac\u00ed.<\/p>\n<h3>\u017dehrovka (rybn\u00edk \u017dabakor)<\/h3>\n<p>K\u00a0dispozici jsou data z\u00a0vodom\u011brn\u00fdch stanic \u017d\u010f\u00e1r u\u00a0Svijan (1941\u20131973, stanice nad rybn\u00edkem) a\u00a0B\u0159ezina (1974\u00a0\u2013 sou\u010dasnost, stanice pod rybn\u00edkem). Povod\u00ed je zaj\u00edmav\u00e9 t\u00edm, \u017ee se nach\u00e1z\u00ed v\u00a0oblasti \u010cesk\u00e9 k\u0159\u00eddov\u00e9 tabule s\u00a0kvartern\u00edmi spra\u0161ov\u00fdmi hl\u00ednami, k\u0159emenci a\u00a0sedimenty, tedy s\u00a0v\u00fdrazn\u011b odli\u0161n\u00fdmi horninami, ne\u017e jsou lokality Vav\u0159inec a\u00a0Mr\u0161t\u00edn. Nev\u00fdhodou je skute\u010dnost, \u017ee rybn\u00edk \u017dabakor nen\u00ed na hlavn\u00edm toku, ale je bo\u010dn\u00ed, s\u00a0obtokem, a\u00a0je tud\u00ed\u017e problematick\u00e9 stanovit p\u0159esn\u00e9 mno\u017estv\u00ed vody prot\u00e9kaj\u00edc\u00ed rybn\u00edkem.<\/p>\n<h3>Cidlina (Kbelnice, Ji\u010d\u00edn) a\u00a0Javorka (L\u00e1zn\u011b B\u011blohrad)<\/h3>\n<p>Jedn\u00e1 se o\u00a0dvojici povod\u00ed s\u00a0odli\u0161n\u00fdm procentu\u00e1ln\u00edm zastoupen\u00edm rybn\u00edk\u016f. V\u00a0povod\u00ed Javorky je vodom\u011brn\u00e1 stanice L\u00e1zn\u011b B\u011blohrad (<em>A<\/em>\u00a0= 38,35 km<sup>2<\/sup>), v\u00a0povod\u00ed Cidliny jsou k\u00a0dispozici data z\u00a0vodom\u011brn\u00e9 stanice Ji\u010d\u00edn (<em>A<\/em>\u00a0= 39,39 km<sup>2<\/sup>), respektive Kbelnice. Stanice L\u00e1zn\u011b B\u011blohrad m\u011b\u0159\u00ed vodn\u00ed stavy od roku 1929 do sou\u010dasnosti (s\u00a0nepatrn\u00fdmi v\u00fdpadky v\u00a0roce 2005), stanice Ji\u010d\u00edn m\u011b\u0159\u00ed od roku 1956, v\u00a0letech 1975\u20132003 jsou data t\u00e9to stanice nahrazena pozorov\u00e1n\u00edm ve stanici Kbelnice. Velikost\u00ed plochy jsou ob\u011b povod\u00ed srovnateln\u00e1.<\/p>\n<h3>Lomnice a\u00a0Skalice<\/h3>\n<p>Lomnice a\u00a0Skalice jsou sousedn\u00ed povod\u00ed v\u00a0ji\u017en\u00edch \u010cech\u00e1ch. Na obou je z\u00e1v\u011brov\u00e1 stanice sleduj\u00edc\u00ed vodn\u00ed stavy shodn\u011b v\u00a0provozu od roku 1931, povod\u00ed jsou zhruba stejn\u011b velk\u00e1 (plocha ke stanici je cca 370 km<sup>2<\/sup>), na druhou stranu jsou zde plochy mal\u00fdch vodn\u00edch n\u00e1dr\u017e\u00ed zastoupeny v\u00a0rozd\u00edln\u00e9m m\u011b\u0159\u00edtku. Vodn\u00ed plochy v\u00a0povod\u00ed Lomnice zab\u00edraj\u00ed 3,66 %, v\u00a0povod\u00ed Skalice je to 1,54 % plochy povod\u00ed. P\u0159\u00edmo v\u00a0povod\u00ed Lomnice se nach\u00e1z\u00ed profesion\u00e1ln\u00ed klimatick\u00e1 stanice Kocelovice, kde jsou krom\u011b sr\u00e1\u017eek a\u00a0teplot k\u00a0dispozici tak\u00e9 \u00fadaje o\u00a0v\u00fdparu nebo sol\u00e1rn\u00ed radiaci. Z\u00e1rove\u0148 jsou zde dostupn\u00e1 data o\u00a0hladin\u00e1ch podzemn\u00ed vody v\u00a0m\u011blk\u00fdch vrtech, a\u00a0to zhruba od 60. let minul\u00e9ho stolet\u00ed.<\/p>\n<h3>S\u00e1zava (Polni\u010dka, \u017d\u010f\u00e1r nad S\u00e1zavou)<\/h3>\n<p>V\u00a0pramenn\u00e9 \u010d\u00e1sti S\u00e1zavy se nach\u00e1z\u00ed rybn\u00edk Velk\u00e9 D\u00e1\u0159ko se zatopenou plochou 205 ha. Po jeho vybudov\u00e1n\u00ed v\u00a015. stolet\u00ed do\u0161lo k\u00a0\u010d\u00e1ste\u010dn\u00e9 zm\u011bn\u011b hydrologick\u00fdch pom\u011br\u016f v\u00a0pramenn\u00e9 oblasti S\u00e1zavy a\u00a0roz\u0161\u00ed\u0159en\u00ed ra\u0161elini\u0161\u0165 v\u00a0ploch\u00e9m rozvod\u00ed \u010ceskomoravsk\u00e9 vrchoviny [7]. Od roku 2004 jsou k\u00a0dispozici data z\u00a0vodom\u011brn\u00e9 stanice \u017d\u010f\u00e1r nad S\u00e1zavou (<em>A<\/em>\u00a0= 132,68 km<sup>2<\/sup>). V\u00a0povod\u00ed se nach\u00e1zej\u00ed dal\u0161\u00ed vodn\u00ed n\u00e1dr\u017ee \u2013 Pilsk\u00e1, Br\u00e1nsk\u00fd rybn\u00edk, Str\u017e a\u00a0Stavi\u0161t\u011b. Data z\u00a0vodom\u011brn\u00fdch stanic nejsou dostupn\u00e1 za p\u0159\u00edli\u0161 dlouh\u00e9 obdob\u00ed. Stanice se nach\u00e1zej\u00ed v\u00a0lokalit\u011b s\u00a0velk\u00fdm pod\u00edlem vodn\u00edch ploch, kter\u00e9 v\u00a0letn\u00edm a\u00a0such\u00e9m obdob\u00ed mohou m\u00edt v\u00fdznamn\u00fd v\u00fdpar z\u00a0vodn\u00ed hladiny.<\/p>\n<h2>Ro\u010dn\u00ed \u00fahrny sr\u00e1\u017eek a\u00a0odtok vody z\u00a0povod\u00ed<\/h2>\n<p>Ro\u010dn\u00ed plo\u0161n\u00e9 \u00fahrny sr\u00e1\u017eek pro norm\u00e1lov\u00e9 obdob\u00ed 1981\u20132010 (v\u00a0grafech na <em>obr.\u00a03<\/em> zelen\u00e1 \u010d\u00e1ra) jsou porovn\u00e1ny s ro\u010dn\u00edmi plo\u0161n\u00fdmi \u00fahrny v jednotliv\u00fdch letech such\u00e9ho obdob\u00ed 2015\u20132019 (modr\u00e9 sloupce) a odpov\u00eddaj\u00edc\u00edmi ro\u010dn\u00edmi odtoky (\u017elut\u00e9 sloupce). \u010cervenou \u010darou je zn\u00e1zorn\u011bn pr\u016fm\u011br ro\u010dn\u00edch sr\u00e1\u017eek na povod\u00ed za obdob\u00ed 2015\u20132019. Uvedeny jsou vodom\u011brn\u00e9 stanice, je\u017e maj\u00ed ve zkouman\u00e9m obdob\u00ed alespo\u0148 \u010d\u00e1ste\u010dn\u00e9 sledov\u00e1n\u00ed. Stanice na Boti\u010di v Praze za\u010daly pozorovat a\u017e v \u010dervnu 2016, proto jsou v grafech uvedeny odtoky pouze pro roky 2017\u20132019. Data ro\u010dn\u00edch sr\u00e1\u017eek a odtok\u016f byla zpracov\u00e1na v rozmez\u00ed periody kalend\u00e1\u0159n\u00edho roku.<\/p>\n<p>&nbsp;<\/p>\n<a href=\"https:\/\/www.vtei.cz\/wp-content\/uploads\/2021\/07\/Tyl-3-2.jpg\" rel=\"shadowbox[sbpost-30902];player=img;\"><img decoding=\"async\" width=\"800\" height=\"1301\" class=\"size-full wp-image-12112 alignnone lazyload\" data-src=\"https:\/\/www.vtei.cz\/wp-content\/uploads\/2021\/07\/Tyl-3-2.jpg\" alt=\"\" data-srcset=\"https:\/\/www.vtei.cz\/wp-content\/uploads\/2021\/07\/Tyl-3-2.jpg 800w, https:\/\/www.vtei.cz\/wp-content\/uploads\/2021\/07\/Tyl-3-2-184x300.jpg 184w, https:\/\/www.vtei.cz\/wp-content\/uploads\/2021\/07\/Tyl-3-2-630x1024.jpg 630w, https:\/\/www.vtei.cz\/wp-content\/uploads\/2021\/07\/Tyl-3-2-768x1249.jpg 768w\" data-sizes=\"(max-width: 800px) 100vw, 800px\" src=\"data:image\/svg+xml;base64,PHN2ZyB3aWR0aD0iMSIgaGVpZ2h0PSIxIiB4bWxucz0iaHR0cDovL3d3dy53My5vcmcvMjAwMC9zdmciPjwvc3ZnPg==\" style=\"--smush-placeholder-width: 800px; --smush-placeholder-aspect-ratio: 800\/1301;\" \/><\/a>\n<h6>Obr.\u00a03. Pr\u016fb\u011bh ro\u010dn\u00edch sr\u00e1\u017eek a\u00a0odtok\u016f ve vybran\u00fdch povod\u00edch<br \/>\nFig. 3. Annual precipitation and runoff in selected river catchments<\/h6>\n<p>V\u00a0r\u00e1mci sledovan\u00e9ho obdob\u00ed 2015\u20132019 byl sr\u00e1\u017ekov\u011b nejbohat\u0161\u00ed rok 2017. V\u00fdrazn\u011b nad norm\u00e1lovou hodnotou za referen\u010dn\u00ed obdob\u00ed i\u00a0nad pr\u016fm\u011brem za periodu 2015\u20132019 jsou plo\u0161n\u00e9 sr\u00e1\u017eky v\u00a0severn\u00ed \u010d\u00e1sti republiky (Blatn\u00fd potok, \u017dehrovka, Cidlina a\u00a0Javorka). Na ostatn\u00edch povod\u00edch se sr\u00e1\u017eka za rok 2017 pohybuje okolo norm\u00e1lu, krom\u011b stanice Doln\u00ed Ostrovec na Lomnici, kde vych\u00e1z\u00ed v\u00a0roce 2016 v\u011bt\u0161\u00ed sr\u00e1\u017ekov\u00fd \u00fahrn ne\u017e v\u00a0roce 2017, a\u00a0stanice \u017d\u010f\u00e1r nad S\u00e1zavou, kde je v\u011bt\u0161\u00ed sr\u00e1\u017eka v\u00a0roce 2019 ne\u017e 2017. Jednozna\u010dn\u011b nelze ur\u010dit ani nejsu\u0161\u0161\u00ed rok. Na v\u011bt\u0161in\u011b povod\u00ed napr\u0161elo nejm\u00e9n\u011b za rok 2018, ov\u0161em v\u00a0povod\u00ed Lomnice a\u00a0Skalice je nejsu\u0161\u0161\u00ed rok 2015.<\/p>\n<p>Blatn\u00fd potok m\u00e1 zcela odli\u0161n\u00fd re\u017eim odtoku od ostatn\u00edch povod\u00ed. Odtokov\u00e9 koeficienty se ve zkouman\u00e9m p\u011btilet\u00ed pohybuj\u00ed v\u00a0rozmez\u00ed 0,7 a\u017e 0,8, tedy \u017ee ze spadl\u00fdch sr\u00e1\u017eek odt\u00e9k\u00e1 70 a\u017e 80\u00a0% vody z\u00e1v\u011brov\u00fdm profilem povod\u00ed. To je d\u00e1no vysokou nadmo\u0159skou v\u00fd\u0161kou povod\u00ed, kde se dlouho do jara dr\u017e\u00ed sn\u00edh, kter\u00fd postupn\u011b odt\u00e1v\u00e1, a\u00a0p\u0159isp\u00edv\u00e1 tak k\u00a0odtoku v\u00a0bezesr\u00e1\u017ekov\u00e9m obdob\u00ed.<\/p>\n<p>Pokud porovn\u00e1me sr\u00e1\u017eky a\u00a0odtoky sousedn\u00edch povod\u00ed Cidliny a\u00a0Javorky, m\u016f\u017eeme konstatovat, \u017ee sr\u00e1\u017eek spadlo v\u00edce v\u00a0povod\u00ed Javorky a\u00a0tak\u00e9 odtoky v\u00a0n\u011bm byly vy\u0161\u0161\u00ed, tedy i\u00a0odtokov\u00e9 koeficienty zde vych\u00e1zej\u00ed pro v\u0161echny roky nepatrn\u011b v\u011bt\u0161\u00ed a\u00a0pohybuj\u00ed se v\u00a0intervalu 0,26 a\u017e 0,38, kde\u017eto v\u00a0povod\u00ed Cidliny dosahuj\u00ed odtokov\u00e9 koeficienty hodnot mezi 0,18 a\u017e 0,28.<\/p>\n<p>Povod\u00ed Lomnice a\u00a0Skalice maj\u00ed hodnoty sr\u00e1\u017eek a\u00a0odtok\u016f srovnateln\u00e9, op\u011bt jsou nepatrn\u011b v\u011bt\u0161\u00ed odtokov\u00e9 koeficienty ve stanici Varva\u017eov. Odtokov\u00e9 koeficienty jsou ve zkouman\u00e9m obdob\u00ed 2015\u20132019 pro jednotliv\u00e9 roky velmi vyrovnan\u00e9 (ve stanici Doln\u00ed Ostrovec jsou to hodnoty 0,11 a\u017e 0,14, u\u00a0stanice Varva\u017eov se pohybuj\u00ed v\u00a0intervalu 0,13 a\u017e 0,14).<\/p>\n<p>Zaj\u00edmav\u00e9 jsou odtoky na S\u00e1zav\u011b v\u00a0profilu \u017d\u010f\u00e1r nad S\u00e1zavou. V\u00a0letech 2015, 2017 a\u00a02019 p\u0159ekra\u010duj\u00ed hodnoty odtoku hodnoty spadl\u00fdch sr\u00e1\u017eek, co\u017e znamen\u00e1, \u017ee z\u00a0povod\u00ed odteklo v\u00edce vody, ne\u017e spadlo v\u00a0podob\u011b sr\u00e1\u017eek. V\u00a0roce 2015 je tato hodnota v\u00edce ne\u017e 1,5kr\u00e1t v\u011bt\u0161\u00ed oproti sr\u00e1\u017ece. Jedn\u00edm z\u00a0faktor\u016f ovliv\u0148uj\u00edc\u00edch odtoky je jist\u011b podzimn\u00ed v\u00fdlov rybn\u00edka Velk\u00e9 D\u00e1\u0159ko (prob\u011bhl na podzim 2015 i\u00a02017), dal\u0161\u00edm prvkem p\u0159isp\u00edvaj\u00edc\u00edm k\u00a0v\u011bt\u0161\u00edmu odtoku m\u016f\u017ee b\u00fdt p\u0159\u00edtomnost ra\u0161elini\u0161\u0165 v\u00a0pramenn\u00fdch parti\u00edch S\u00e1zavy a\u00a0ovliv\u0148ovat pr\u016ftoky m\u016f\u017ee tak\u00e9 pl\u00e1novan\u00e1, respektive realizovan\u00e1 rekonstrukce stavebn\u00edch objekt\u016f vodn\u00edch d\u011bl v\u00a0povod\u00ed (Pilsk\u00e1, Str\u017e, Stavi\u0161t\u011b), p\u0159i nich\u017e doch\u00e1z\u00ed k\u00a0odpou\u0161t\u011bn\u00ed vody z\u00a0n\u00e1dr\u017ee.<\/p>\n<h2>M\u011bs\u00ed\u010dn\u00ed \u00fahrny sr\u00e1\u017eek a\u00a0odtoky vody z\u00a0povod\u00ed<\/h2>\n<p>Sou\u010dasn\u011b se zpracov\u00e1n\u00edm ro\u010dn\u00ed bilance byly na vybran\u00fdch povod\u00edch zpracov\u00e1ny tak\u00e9 m\u011bs\u00ed\u010dn\u00ed hodnoty plo\u0161n\u00fdch sr\u00e1\u017eek a\u00a0odtok\u016f (<em>obr. 4\u20139<\/em>). U\u00a0sr\u00e1\u017eek byly spo\u010d\u00edt\u00e1ny dlouhodob\u00e9 m\u011bs\u00ed\u010dn\u00ed norm\u00e1ly pro referen\u010dn\u00ed obdob\u00ed 1981\u20132010 (v\u00a0grafech sv\u011btle modr\u00e1 \u010d\u00e1ra) a\u00a0m\u011bs\u00ed\u010dn\u00ed sr\u00e1\u017eky pro ka\u017ed\u00fd rok obdob\u00ed 2015\u20132019, na n\u00e1sleduj\u00edc\u00edch obr\u00e1zc\u00edch jsou zobrazeny na grafech um\u00edst\u011bn\u00fdch vlevo. Grafy vpravo ukazuj\u00ed m\u011bs\u00ed\u010dn\u00ed odtoky za obdob\u00ed 2015\u20132019. \u017dlut\u00e1 \u010d\u00e1ra p\u0159edstavuje pr\u016fm\u011bry jednotliv\u00fdch m\u011bs\u00ed\u010dn\u00edch odtok\u016f za cel\u00e9 obdob\u00ed pozorov\u00e1n\u00ed stanice (to je u\u00a0ka\u017ed\u00e9 stanice jin\u00e9 a\u00a0je uvedeno v\u00a0popisku grafu). Pokud jsou pro z\u00e1v\u011brovou vodom\u011brnou stanici k\u00a0dispozici pozorov\u00e1n\u00ed pro referen\u010dn\u00ed obdob\u00ed 1981\u20132010 (norm\u00e1lov\u00e9 obdob\u00ed), jsou do grafu odtok\u016f nav\u00edc sv\u011btle modrou \u010darou zaneseny dlouhodob\u00e9 pr\u016fm\u011brn\u00e9 m\u011bs\u00ed\u010dn\u00ed odtoky pro tuto periodu.<\/p>\n<h3>Blatn\u00fd potok\u00a0\u2013 Blatn\u00fd rybn\u00edk<\/h3>\n<p>Pr\u016fb\u011bh norm\u00e1lov\u00fdch sr\u00e1\u017eek v\u00a0letech 1981\u20132010 (<em>obr.\u00a04<\/em>) byl jen m\u00edrn\u011b rozkol\u00edsan\u00fd v\u00a0pr\u016fb\u011bhu roku a\u00a0dosahoval maxima v\u00a0letn\u00edch m\u011bs\u00edc\u00edch \u010dervenci a\u00a0srpnu. V\u00fdrazn\u011b podnorm\u00e1ln\u00ed byly sr\u00e1\u017eky v\u00a0\u00fanoru 2015 (24 % norm\u00e1lu) a\u00a0v\u00a0podstat\u011b v\u0161echny m\u011bs\u00edce roku 2018 (v\u00a0\u00fanoru 2018 to bylo jen 12 % norm\u00e1lu). Nejv\u00edce sr\u00e1\u017eek spadlo v\u00a0\u0159\u00edjnu 2017 (291 % norm\u00e1lu), listopadu 2015 (208\u00a0%) a\u00a0prosinci 2018 (231 %). Odtoky byly nejvy\u0161\u0161\u00ed v\u00a0jarn\u00edch m\u011bs\u00edc\u00edch, zejm\u00e9na v\u00a0dubnu, s\u00a0n\u00e1sleduj\u00edc\u00edm vyrovnan\u00fdm pr\u016fb\u011bhem od \u010dervna a\u00a0zasahuj\u00edc\u00ed a\u017e do ledna n\u00e1sleduj\u00edc\u00edho roku. P\u0159esto byly letn\u00ed a\u00a0podzimn\u00ed odtoky z\u0159eteln\u011b pod sv\u00fdmi pr\u016fm\u011bry, nejv\u00edce v\u00a0letech 2015, 2018 a\u00a02019.<\/p>\n<h6><a href=\"https:\/\/www.vtei.cz\/wp-content\/uploads\/2021\/07\/Tyl-4-1.jpg\" rel=\"shadowbox[sbpost-30902];player=img;\"><img decoding=\"async\" width=\"800\" height=\"289\" class=\"size-full wp-image-12114 alignnone lazyload\" data-src=\"https:\/\/www.vtei.cz\/wp-content\/uploads\/2021\/07\/Tyl-4-1.jpg\" alt=\"\" data-srcset=\"https:\/\/www.vtei.cz\/wp-content\/uploads\/2021\/07\/Tyl-4-1.jpg 800w, https:\/\/www.vtei.cz\/wp-content\/uploads\/2021\/07\/Tyl-4-1-300x108.jpg 300w, https:\/\/www.vtei.cz\/wp-content\/uploads\/2021\/07\/Tyl-4-1-768x277.jpg 768w\" data-sizes=\"(max-width: 800px) 100vw, 800px\" src=\"data:image\/svg+xml;base64,PHN2ZyB3aWR0aD0iMSIgaGVpZ2h0PSIxIiB4bWxucz0iaHR0cDovL3d3dy53My5vcmcvMjAwMC9zdmciPjwvc3ZnPg==\" style=\"--smush-placeholder-width: 800px; --smush-placeholder-aspect-ratio: 800\/289;\" \/><\/a><\/h6>\n<h6>Obr.\u00a04. M\u011bs\u00ed\u010dn\u00ed sr\u00e1\u017eky (vlevo) a\u00a0odtoky (vpravo) v\u00a0povod\u00ed Blatn\u00e9ho potoka<br \/>\nFig. 4. Monthly precipitation (left) and runoff (right) in Blatn\u00fd brook catchment<\/h6>\n<h3>Boti\u010d\u00a0\u2013 VD Hostiva\u0159<\/h3>\n<p>M\u011bs\u00ed\u010dn\u00ed pr\u016fb\u011bh norm\u00e1lov\u00fdch sr\u00e1\u017eek, jak je patrn\u00e9 z\u00a0graf\u016f na <em>obr.\u00a05<\/em>, m\u00e1 typick\u00fd ro\u010dn\u00ed pr\u016fb\u011bh s hodnotami mezi 30\u201340 mm na ja\u0159e, na podzim a v zim\u011b a s maxim\u00e1ln\u00edmi \u00fahrny v letn\u00edch m\u011bs\u00edc\u00edch, nejv\u00edce v \u010dervenci (shodn\u011b 84 mm). V such\u00fdch roc\u00edch 2015 a 2018 byl nad \u010d\u00e1rou norm\u00e1lu jen \u0159\u00edjen a listopad roku 2015. Data odtok\u016f jsou k dispozici za velmi kr\u00e1tk\u00e9 obdob\u00ed, od \u010dervence 2016. I tak je jasn\u011b patrn\u00fd vliv vodn\u00ed n\u00e1dr\u017ee na odtokov\u00e9 stanici, kdy od dubna do srpna 2018 jsou hodnoty odtoku ve stanici Hostiva\u0159 men\u0161\u00ed ne\u017e na p\u0159\u00edtoku ve stanici Petrovice. Na pr\u016fm\u011brn\u00fdch hodnot\u00e1ch odtok\u016f za obdob\u00ed 2016\u20132019 (\u017elut\u00e1 \u010d\u00e1ra) je d\u00e1le patrn\u00fd rozd\u00edln\u00fd letn\u00ed a\u00a0zimn\u00ed provoz n\u00e1dr\u017ee. B\u011bhem dubna doch\u00e1z\u00ed k\u00a0pln\u011bn\u00ed n\u00e1dr\u017ee na vy\u0161\u0161\u00ed letn\u00ed hladinu, naopak v\u00a0\u0159\u00edjnu doch\u00e1z\u00ed k\u00a0odpou\u0161t\u011bn\u00ed n\u00e1dr\u017ee a\u00a0sni\u017eov\u00e1n\u00ed hladiny na zimn\u00ed \u00farove\u0148. Za pozorovan\u00e9 obdob\u00ed byly trochu p\u0159ekvapiv\u011b v\u011bt\u0161\u00ed p\u0159\u00edtoky do n\u00e1dr\u017ee v\u00a0listopadov\u00fdch m\u011bs\u00edc\u00edch 2016 a\u00a02017, kdy b\u00fdvaj\u00ed odtoky z\u00a0povod\u00ed obvykle n\u00edzk\u00e9, co\u017e ov\u0161em odpov\u00edd\u00e1 v\u00fdrazn\u011b nadnorm\u00e1ln\u00edm sr\u00e1\u017ekov\u00fdm \u00fahrn\u016fm v\u00a0\u0159\u00edjnov\u00fdch m\u011bs\u00edc\u00edch.<\/p>\n<a href=\"https:\/\/www.vtei.cz\/wp-content\/uploads\/2021\/07\/Tyl-5-1.jpg\" rel=\"shadowbox[sbpost-30902];player=img;\"><img decoding=\"async\" width=\"800\" height=\"533\" class=\"size-full wp-image-12116 alignnone lazyload\" data-src=\"https:\/\/www.vtei.cz\/wp-content\/uploads\/2021\/07\/Tyl-5-1.jpg\" alt=\"\" data-srcset=\"https:\/\/www.vtei.cz\/wp-content\/uploads\/2021\/07\/Tyl-5-1.jpg 800w, https:\/\/www.vtei.cz\/wp-content\/uploads\/2021\/07\/Tyl-5-1-300x200.jpg 300w, https:\/\/www.vtei.cz\/wp-content\/uploads\/2021\/07\/Tyl-5-1-768x512.jpg 768w\" data-sizes=\"(max-width: 800px) 100vw, 800px\" src=\"data:image\/svg+xml;base64,PHN2ZyB3aWR0aD0iMSIgaGVpZ2h0PSIxIiB4bWxucz0iaHR0cDovL3d3dy53My5vcmcvMjAwMC9zdmciPjwvc3ZnPg==\" style=\"--smush-placeholder-width: 800px; --smush-placeholder-aspect-ratio: 800\/533;\" \/><\/a>\n<h6>Obr.\u00a05. M\u011bs\u00ed\u010dn\u00ed sr\u00e1\u017eky (vlevo) a\u00a0odtoky (vpravo) pro VD Hostiva\u0159 (na p\u0159\u00edtoku vodom\u011brn\u00e1 stanice Praha-Petrovice, na odtoku stanice Praha-Hostiva\u0159)<br \/>\nFig. 5. Monthly precipitation (left) and runoff (right) for water reservoir Hostiva\u0159 (inflow: Praha-Petrovice water level gauge station, outflow: Praha-Hostiva\u0159 water level gauge station)<\/h6>\n<h3>\u017dehrovka<\/h3>\n<p>Na <em>obr.\u00a06<\/em> jsou uvedeny m\u011bs\u00ed\u010dn\u00ed sr\u00e1\u017eky a\u00a0odtoky k\u00a0z\u00e1v\u011brov\u00e9 stanici B\u0159ezina na \u017dehrovce. Sr\u00e1\u017ekov\u011b chud\u00e9 oproti norm\u00e1lu byly zejm\u00e9na \u00fanorov\u00e9 m\u011bs\u00edce (krom\u011b \u00fanora 2016), nejhor\u0161\u00ed pr\u016fb\u011bh, co se t\u00fd\u010de m\u011bs\u00ed\u010dn\u00edch pr\u016fm\u011br\u016f, je patrn\u00fd pro rok 2018. Odtoky byly hluboko pod pr\u016fm\u011brem let 1981\u20132010 i\u00a0pod pr\u016fm\u011brem za cel\u00e9 obdob\u00ed pozorov\u00e1n\u00ed stanice. Zv\u011bt\u0161en\u00e9 odtoky se neprojevily ani p\u0159i sr\u00e1\u017ekov\u011b bohat\u00e9m \u010dervnu a\u00a0\u010dervenci v\u00a0letech 2016 a\u00a02017. Nejhor\u0161\u00ed byla situace v\u00a0l\u00e9t\u011b 2018 a\u00a02019, kdy odtoky dosahovaly 12 a\u017e 20 % pr\u016fm\u011bru za obdob\u00ed pozorov\u00e1n\u00ed. K\u00a0v\u011bt\u0161\u00edm odtok\u016fm doch\u00e1z\u00ed pouze v\u00a0b\u0159eznu a\u00a0\u0159\u00edjnu, kdy jsou v\u00a0povod\u00ed pravd\u011bpodobn\u011b prov\u00e1d\u011bny manipulace.<\/p>\n<h6><a href=\"https:\/\/www.vtei.cz\/wp-content\/uploads\/2021\/07\/Tyl-5-1.jpg\" rel=\"shadowbox[sbpost-30902];player=img;\"><img decoding=\"async\" width=\"800\" height=\"533\" class=\"size-full wp-image-12116 alignnone lazyload\" data-src=\"https:\/\/www.vtei.cz\/wp-content\/uploads\/2021\/07\/Tyl-5-1.jpg\" alt=\"\" data-srcset=\"https:\/\/www.vtei.cz\/wp-content\/uploads\/2021\/07\/Tyl-5-1.jpg 800w, https:\/\/www.vtei.cz\/wp-content\/uploads\/2021\/07\/Tyl-5-1-300x200.jpg 300w, https:\/\/www.vtei.cz\/wp-content\/uploads\/2021\/07\/Tyl-5-1-768x512.jpg 768w\" data-sizes=\"(max-width: 800px) 100vw, 800px\" src=\"data:image\/svg+xml;base64,PHN2ZyB3aWR0aD0iMSIgaGVpZ2h0PSIxIiB4bWxucz0iaHR0cDovL3d3dy53My5vcmcvMjAwMC9zdmciPjwvc3ZnPg==\" style=\"--smush-placeholder-width: 800px; --smush-placeholder-aspect-ratio: 800\/533;\" \/><\/a><\/h6>\n<h6>Obr.\u00a06. M\u011bs\u00ed\u010dn\u00ed sr\u00e1\u017eky (vlevo) a\u00a0odtoky (vpravo) v\u00a0povod\u00ed \u017dehrovky<br \/>\nFig. 6. Monthly precipitation (left) and runoff (right) in \u017dehrovka catchment<\/h6>\n<h3>Cidlina a Javorka<\/h3>\n<p>Sr\u00e1\u017ekov\u011b v\u00fdrazn\u011b podnorm\u00e1ln\u00ed jsou op\u011bt \u00fanorov\u00e9 m\u011bs\u00edce, jak je patrn\u00e9 z\u00a0<em>obr.\u00a07<\/em>. Na povod\u00ed Cidliny \u010dinil sr\u00e1\u017ekov\u00fd \u00fahrn v\u00a0\u00fanoru 2018 jen 3 mm (6 % norm\u00e1lu), na povod\u00ed Javorky 3,5 mm (7 % norm\u00e1lu). M\u011bs\u00ed\u010dn\u00ed odtoky byly ve v\u0161ech letech 2015\u20132019 pod \u010d\u00e1rou pr\u016fm\u011bru let 1981\u20132010 i\u00a0pr\u016fm\u011bru za obdob\u00ed pozorov\u00e1n\u00ed (Cidlina od roku 1955, Javorka od roku 1928). V\u00fdjimkou byly podzimn\u00ed odtoky v\u00a0roce 2017 a\u00a0n\u00e1sledn\u011b odtok v\u00a0lednu 2018.<\/p>\n<h6><a href=\"https:\/\/www.vtei.cz\/wp-content\/uploads\/2021\/07\/Tyl-7.jpg\" rel=\"shadowbox[sbpost-30902];player=img;\"><img decoding=\"async\" width=\"800\" height=\"519\" class=\"size-full wp-image-12120 alignnone lazyload\" data-src=\"https:\/\/www.vtei.cz\/wp-content\/uploads\/2021\/07\/Tyl-7.jpg\" alt=\"\" data-srcset=\"https:\/\/www.vtei.cz\/wp-content\/uploads\/2021\/07\/Tyl-7.jpg 800w, https:\/\/www.vtei.cz\/wp-content\/uploads\/2021\/07\/Tyl-7-300x195.jpg 300w, https:\/\/www.vtei.cz\/wp-content\/uploads\/2021\/07\/Tyl-7-768x498.jpg 768w\" data-sizes=\"(max-width: 800px) 100vw, 800px\" src=\"data:image\/svg+xml;base64,PHN2ZyB3aWR0aD0iMSIgaGVpZ2h0PSIxIiB4bWxucz0iaHR0cDovL3d3dy53My5vcmcvMjAwMC9zdmciPjwvc3ZnPg==\" style=\"--smush-placeholder-width: 800px; --smush-placeholder-aspect-ratio: 800\/519;\" \/><\/a><\/h6>\n<h6>Obr.\u00a07. M\u011bs\u00ed\u010dn\u00ed sr\u00e1\u017eky (vlevo) a\u00a0odtoky (vpravo) v\u00a0povod\u00ed Cidliny a\u00a0Javorky<br \/>\nFig. 7. Monthly precipitation (left) and runoff (right) in Cidlina and Javorka catchment<\/h6>\n<h3>Lomnice a\u00a0Skalice<\/h3>\n<p>Pr\u016fb\u011bhy sr\u00e1\u017eek i\u00a0odtok\u016f v\u00a0povod\u00ed Lomnice a\u00a0Skalice jsou si velmi podobn\u00e9 (<em>obr.\u00a08<\/em>). Nad norm\u00e1lem v\u00fdrazn\u011b vy\u010dn\u00edv\u00e1 sr\u00e1\u017ekov\u00fd \u00fahrn v\u00a0\u010dervenci 2016, co\u017e se projevilo i\u00a0vy\u0161\u0161\u00edmi odtoky v\u00a0tomto m\u011bs\u00edci. V\u00a0povod\u00ed Skalice byly sr\u00e1\u017ekov\u011b v\u00fdznamn\u00e9 i\u00a0\u00fahrny v\u00a0\u010dervnu 2016 a\u00a0kv\u011btnu 2018, v\u00a0povod\u00ed Lomnice ji\u017e m\u00e9n\u011b (ale i\u00a0tak vy\u0161\u0161\u00ed ne\u017e norm\u00e1l). Mo\u017en\u00e1 i\u00a0proto nebyl rok 2018 sr\u00e1\u017ekov\u011b nejchud\u0161\u00ed, t\u00edm byl rok 2015. Odtoky v\u00a0\u010dervenci a\u00a0srpnu 2018 a\u00a02019 byly na kritick\u00fdch hodnot\u00e1ch (1\u00a0a\u017e 5 % obvykl\u00e9ho dlouhodob\u00e9ho pr\u016fm\u011bru). Vodn\u011bj\u0161\u00ed byl v\u00a0letn\u00edch m\u011bs\u00edc\u00edch rok 2016, p\u0159i\u010dem\u017e v\u00a0\u010dervenci byl odtok nad ob\u011bma hodnotami pr\u016fm\u011bru. V\u00a0povod\u00ed Lomnice doch\u00e1z\u00ed, op\u011bt pravd\u011bpodobn\u011b vlivem odpou\u0161t\u011bn\u00ed rybn\u00edk\u016f, k\u00a0n\u00e1r\u016fstu odtok\u016f v\u00a0\u0159\u00edjnov\u00fdch m\u011bs\u00edc\u00edch.<\/p>\n<h6><a href=\"https:\/\/www.vtei.cz\/wp-content\/uploads\/2021\/07\/Tyl-8.jpg\" rel=\"shadowbox[sbpost-30902];player=img;\"><img decoding=\"async\" width=\"800\" height=\"479\" class=\"size-full wp-image-12122 alignnone lazyload\" data-src=\"https:\/\/www.vtei.cz\/wp-content\/uploads\/2021\/07\/Tyl-8.jpg\" alt=\"\" data-srcset=\"https:\/\/www.vtei.cz\/wp-content\/uploads\/2021\/07\/Tyl-8.jpg 800w, https:\/\/www.vtei.cz\/wp-content\/uploads\/2021\/07\/Tyl-8-300x180.jpg 300w, https:\/\/www.vtei.cz\/wp-content\/uploads\/2021\/07\/Tyl-8-768x460.jpg 768w\" data-sizes=\"(max-width: 800px) 100vw, 800px\" src=\"data:image\/svg+xml;base64,PHN2ZyB3aWR0aD0iMSIgaGVpZ2h0PSIxIiB4bWxucz0iaHR0cDovL3d3dy53My5vcmcvMjAwMC9zdmciPjwvc3ZnPg==\" style=\"--smush-placeholder-width: 800px; --smush-placeholder-aspect-ratio: 800\/479;\" \/><\/a><\/h6>\n<h6>Obr.\u00a08. M\u011bs\u00ed\u010dn\u00ed sr\u00e1\u017eky (vlevo) a\u00a0odtoky (vpravo) v\u00a0povod\u00ed Lomnice a\u00a0Skalice<br \/>\nFig. 8. Monthly precipitation (left) and runoff (right) in Lomnice and Skalice catchment<\/h6>\n<h3>S\u00e1zava<\/h3>\n<p>Jak uv\u00e1d\u00ed zpr\u00e1va podniku Povod\u00ed Vltavy [7], u\u00a0Cenomansk\u00e9ho kolektoru je odvodn\u011bn\u00ed plynul\u00fdm p\u0159\u00edtokem do p\u0159irozen\u00fdch vodn\u00edch n\u00e1dr\u017e\u00ed a\u00a0slatini\u0161\u0165 (rybn\u00edky Mal\u00e9 a\u00a0Velk\u00e9 D\u00e1\u0159ko), kter\u00e9 v\u00fdznamnou m\u011brou nap\u00e1jej\u00ed povrchov\u00e9 toky a\u00a0nadlep\u0161uj\u00ed jejich vodnost (zejm\u00e9na u\u00a0\u0159eky S\u00e1zavy). Sr\u00e1\u017ekov\u011b i\u00a0odtokov\u011b nejchud\u0161\u00ed byl rok 2018, p\u0159itom ale, jak je z\u0159ejm\u00e9 z\u00a0ro\u010dn\u00edho zpracov\u00e1n\u00ed, odtokov\u00fd koeficient dosahoval 69 %, co\u017e potvrzuje v\u00fd\u0161e uveden\u00e9 konstatov\u00e1n\u00ed o\u00a0dotaci podpovrchovou vodou. Oproti pr\u016fm\u011bru jsou odtoky ze such\u00e9ho p\u011btilet\u00ed zejm\u00e9na v\u00a0letn\u00edm obdob\u00ed men\u0161\u00ed, s\u00a0minimy v\u00a0roce 2018.<\/p>\n<a href=\"https:\/\/www.vtei.cz\/wp-content\/uploads\/2021\/07\/Tyl-9.jpg\" rel=\"shadowbox[sbpost-30902];player=img;\"><img decoding=\"async\" width=\"800\" height=\"253\" class=\"size-full wp-image-12124 alignnone lazyload\" data-src=\"https:\/\/www.vtei.cz\/wp-content\/uploads\/2021\/07\/Tyl-9.jpg\" alt=\"\" data-srcset=\"https:\/\/www.vtei.cz\/wp-content\/uploads\/2021\/07\/Tyl-9.jpg 800w, https:\/\/www.vtei.cz\/wp-content\/uploads\/2021\/07\/Tyl-9-300x95.jpg 300w, https:\/\/www.vtei.cz\/wp-content\/uploads\/2021\/07\/Tyl-9-768x243.jpg 768w\" data-sizes=\"(max-width: 800px) 100vw, 800px\" src=\"data:image\/svg+xml;base64,PHN2ZyB3aWR0aD0iMSIgaGVpZ2h0PSIxIiB4bWxucz0iaHR0cDovL3d3dy53My5vcmcvMjAwMC9zdmciPjwvc3ZnPg==\" style=\"--smush-placeholder-width: 800px; --smush-placeholder-aspect-ratio: 800\/253;\" \/><\/a>\n<h6>Obr.\u00a09. M\u011bs\u00ed\u010dn\u00ed sr\u00e1\u017eky (vlevo) a\u00a0odtoky (vpravo) v\u00a0povod\u00ed horn\u00ed S\u00e1zavy<br \/>\nFig. 9. Monthly precipitation (left) and runoff (right) in upper S\u00e1zava catchment<\/h6>\n<h2>M\u011bs\u00ed\u010dn\u00ed hodnoty evapotranspirace na vybran\u00e1 povod\u00ed<\/h2>\n<p>M\u011bs\u00ed\u010dn\u00ed hodnoty skute\u010dn\u00e9 evapotranspirace vykresluj\u00ed grafy na <em>obr.\u00a010<\/em>. Pro srovn\u00e1n\u00ed jsou hodnoty uvedeny ve stejn\u00e9m m\u011b\u0159\u00edtku na ose <em>y<\/em>. V\u00fdpo\u010det evapotranspirace na jednotliv\u00e1 povod\u00ed prob\u011bhl za zkouman\u00e9 obdob\u00ed 2015\u20132019. K\u00a0dispozici byla data za konvektivn\u00ed sezonu, tedy od dubna do \u0159\u00edjna, kdy je v\u00a0provozu Indik\u00e1tor p\u0159\u00edvalov\u00fdch povodn\u00ed. V\u00a0roce 2016 byla k\u00a0dispozici data i\u00a0pro m\u011bs\u00edc b\u0159ezen.<\/p>\n<h6><a href=\"https:\/\/www.vtei.cz\/wp-content\/uploads\/2021\/07\/Tyl-10.jpg\" rel=\"shadowbox[sbpost-30902];player=img;\"><img decoding=\"async\" width=\"800\" height=\"1213\" class=\"size-full wp-image-12126 alignnone lazyload\" data-src=\"https:\/\/www.vtei.cz\/wp-content\/uploads\/2021\/07\/Tyl-10.jpg\" alt=\"\" data-srcset=\"https:\/\/www.vtei.cz\/wp-content\/uploads\/2021\/07\/Tyl-10.jpg 800w, https:\/\/www.vtei.cz\/wp-content\/uploads\/2021\/07\/Tyl-10-198x300.jpg 198w, https:\/\/www.vtei.cz\/wp-content\/uploads\/2021\/07\/Tyl-10-675x1024.jpg 675w, https:\/\/www.vtei.cz\/wp-content\/uploads\/2021\/07\/Tyl-10-768x1164.jpg 768w\" data-sizes=\"(max-width: 800px) 100vw, 800px\" src=\"data:image\/svg+xml;base64,PHN2ZyB3aWR0aD0iMSIgaGVpZ2h0PSIxIiB4bWxucz0iaHR0cDovL3d3dy53My5vcmcvMjAwMC9zdmciPjwvc3ZnPg==\" style=\"--smush-placeholder-width: 800px; --smush-placeholder-aspect-ratio: 800\/1213;\" \/><\/a><\/h6>\n<h6>Obr.\u00a010. Pr\u016fb\u011bh evapotranspirace pro jednotliv\u00e1 povod\u00ed<br \/>\nFig. 10. Annual evapotranspiration for individual river catchments<\/h6>\n<p>Nejvy\u0161\u0161\u00edch hodnot evapotranspirace bylo dosa\u017eeno v\u00a0\u010dervnu 2019, a\u00a0to shodn\u011b pro v\u0161echna zkouman\u00e1 povod\u00ed. V\u00fdjimkou je pouze povod\u00ed Cidliny, kde byla nejv\u011bt\u0161\u00ed hodnota v\u00a0kv\u011btnu roku 2018. Velk\u00fdch hodnot ve v\u0161ech povod\u00edch dosahovala evapotranspirace tak\u00e9 v\u00a0pr\u016fb\u011bhu cel\u00e9ho roku 2017 (zelen\u00e1 \u010d\u00e1ra). Zaj\u00edmav\u00fd je pr\u016fb\u011bh evapotranspirace v\u00a0l\u00e9t\u011b roku 2018 jako\u017eto nejsu\u0161\u0161\u00edho roku zkouman\u00e9ho obdob\u00ed, p\u0159itom krom\u011b povod\u00ed Blatn\u00e9ho rybn\u00edka, Lomnice a\u00a0Skalice jsou hodnoty evapotranspirace jedny z\u00a0nejni\u017e\u0161\u00edch.<\/p>\n<h2>Shrnut\u00ed v\u00fdsledk\u016f<\/h2>\n<p>Na vybran\u00fdch povod\u00edch byly odvozeny m\u011bs\u00ed\u010dn\u00ed, dlouhodob\u00e9 m\u011bs\u00ed\u010dn\u00ed, p\u0159\u00edpadn\u011b ro\u010dn\u00ed hodnoty jednotliv\u00fdch \u010d\u00e1st\u00ed hydrologick\u00e9 bilance za such\u00e9 obdob\u00ed 2015\u20132019, kter\u00e9 byly porovn\u00e1ny s norm\u00e1lovou periodou 1981\u20132010.<\/p>\n<p>Pro stanoven\u00e9 such\u00e9 p\u011btilet\u00ed nelze \u00fapln\u011b jednozna\u010dn\u011b ur\u010dit jeden spole\u010dn\u00fd rok s\u00a0minim\u00e1ln\u00edm ro\u010dn\u00edm \u00fahrnem sr\u00e1\u017eek, tedy rok, kter\u00fd by byl nejsu\u0161\u0161\u00ed z\u00a0pohledu meteorologick\u00e9ho. V\u00a0roce 2018 byly nejni\u017e\u0161\u00ed sr\u00e1\u017eky ve v\u0161ech povod\u00edch krom\u011b povod\u00ed Lomnice a\u00a0Skalice v\u00a0ji\u017en\u00edch \u010cech\u00e1ch, kde byl sr\u00e1\u017ekov\u00fd \u00fahrn v\u00a0roce 2015 je\u0161t\u011b ni\u017e\u0161\u00ed. Naopak sr\u00e1\u017ekov\u011b nejbohat\u0161\u00ed byl rok 2017, op\u011bt ale ne ve v\u0161ech lokalit\u00e1ch. V\u00a0povod\u00ed horn\u00ed S\u00e1zavy byl sr\u00e1\u017ekov\u011b nejbohat\u0161\u00ed rok 2019, v\u00a0povod\u00ed Lomnice to byl rok 2016. Rok 2017 byl na v\u011bt\u0161in\u011b povod\u00ed nad dlouhodob\u00fdm norm\u00e1lem 1981\u20132010.<\/p>\n<p>Fakt, \u017ee v\u0161echna povod\u00ed nebyla sr\u00e1\u017ekov\u011b zasa\u017eena stejn\u011b, potvrzuj\u00ed mapy na <em>obr.\u00a011<\/em>, kde jsou zn\u00e1zorn\u011bny \u00fahrny sr\u00e1\u017eek v\u00a0procentech norm\u00e1lu 1981\u20132010 (publikovan\u00fdch na ofici\u00e1ln\u00edch str\u00e1nk\u00e1ch \u010cHM\u00da). Z\u00a0nich vypl\u00fdv\u00e1, \u017ee rozlo\u017een\u00ed sr\u00e1\u017eek nap\u0159\u00ed\u010d republikou bylo v\u00a0jednotliv\u00fdch letech v\u00fdrazn\u011b nerovnom\u011brn\u00e9, a\u00a0tud\u00ed\u017e i\u00a0projevy deficitu sr\u00e1\u017eek ve zkouman\u00fdch povod\u00edch byly rozd\u00edln\u00e9. Patrn\u00e9 je to zejm\u00e9na v\u00a0roce 2016, kdy byly sr\u00e1\u017eky podnorm\u00e1ln\u00ed v\u00a0p\u00e1su od Krkono\u0161 p\u0159es Vyso\u010dinu po horn\u00ed Podyj\u00ed, v\u00a0roce 2017, kdy byly sr\u00e1\u017eky podnorm\u00e1ln\u00ed v\u00a0ji\u017en\u00ed polovin\u011b republiky (\u0160umava a\u00a0ji\u017en\u00ed Morava), a\u00a0v\u00a0roce 2019, kdy bylo sr\u00e1\u017eek m\u00e9n\u011b v\u00a0z\u00e1padn\u00ed polovin\u011b republiky.<\/p>\n<a href=\"https:\/\/www.vtei.cz\/wp-content\/uploads\/2021\/07\/Tyl-11.jpg\" rel=\"shadowbox[sbpost-30902];player=img;\"><img decoding=\"async\" width=\"800\" height=\"830\" class=\"size-full wp-image-12128 alignnone lazyload\" data-src=\"https:\/\/www.vtei.cz\/wp-content\/uploads\/2021\/07\/Tyl-11.jpg\" alt=\"\" data-srcset=\"https:\/\/www.vtei.cz\/wp-content\/uploads\/2021\/07\/Tyl-11.jpg 800w, https:\/\/www.vtei.cz\/wp-content\/uploads\/2021\/07\/Tyl-11-289x300.jpg 289w, https:\/\/www.vtei.cz\/wp-content\/uploads\/2021\/07\/Tyl-11-768x797.jpg 768w\" data-sizes=\"(max-width: 800px) 100vw, 800px\" src=\"data:image\/svg+xml;base64,PHN2ZyB3aWR0aD0iMSIgaGVpZ2h0PSIxIiB4bWxucz0iaHR0cDovL3d3dy53My5vcmcvMjAwMC9zdmciPjwvc3ZnPg==\" style=\"--smush-placeholder-width: 800px; --smush-placeholder-aspect-ratio: 800\/830;\" \/><\/a>\n<h6>Obr.\u00a011. \u00dahrny sr\u00e1\u017eek v\u00a0letech 2015\u20132019 jako procento norm\u00e1lu 1981\u20132010 (zdroj: \u010cHM\u00da)<br \/>\nFig. 11. Amount of precipitation in 2015\u20132019 year period expressed as percentage normal 1981\u20132010 (source: \u010cHM\u00da)<\/h6>\n<p>Povod\u00ed Blatn\u00e9ho rybn\u00edka m\u00e1 oproti ostatn\u00edm zkouman\u00fdm povod\u00edm odli\u0161n\u00fd odtokov\u00fd re\u017eim s\u00a0pod\u00edlem odtoku ze spadl\u00fdch sr\u00e1\u017eek okolo 75 %. V\u00fdraznou m\u011brou se na odtoku pod\u00edl\u00ed jak dotace podpovrchov\u00e9 vody z\u00a0pramenn\u00fdch ra\u0161elini\u0161\u0165, tak vysok\u00e1 nadmo\u0159sk\u00e1 v\u00fd\u0161ka, kdy doch\u00e1z\u00ed k\u00a0postupn\u00e9mu odt\u00e1v\u00e1n\u00ed sn\u011bhov\u00e9 pokr\u00fdvky b\u011bhem zimy a\u00a0na ja\u0159e, a\u00a0to i\u00a0p\u0159esto, \u017ee v\u00a0roce 2015 a\u00a02018 byly zimy sr\u00e1\u017ekov\u011b velmi chud\u00e9 (zejm\u00e9na v\u00a0\u00fanoru). Jak uv\u00e1d\u00ed hydrologick\u00e1 ro\u010denka \u010cHM\u00da [4], na d\u00edl\u010d\u00ed povod\u00ed Horn\u00edho a\u00a0st\u0159edn\u00edho Labe spadlo v\u00a0\u00fanoru 2018 jen 9\u00a0mm sr\u00e1\u017eek, co\u017e \u010din\u00ed 21 % norm\u00e1lu, respektive vodn\u00ed hodnota sn\u011bhu byla v\u00a0\u00fanoru 2018 jen 9,3 mm (32 % norm\u00e1lu).<\/p>\n<p>Rok 2018 a\u00a0p\u0159edev\u0161\u00edm jeho letn\u00ed m\u011bs\u00edce (nejv\u00edce srpen) jsou v\u00a0r\u00e1mci sledovan\u00e9ho obdob\u00ed 2015\u20132019 jednozna\u010dn\u011b nejsu\u0161\u0161\u00ed v\u00a0p\u0159\u00edpad\u011b odtok\u016f na v\u0161ech zpracovan\u00fdch povod\u00edch. Hydrologick\u00e9 sucho zas\u00e1hlo v\u00fdznamn\u011b cel\u00e9 \u00fazem\u00ed \u010cR, v\u00a0mnoha vodom\u011brn\u00fdch stanic\u00edch byly zaznamen\u00e1ny pr\u016ftoky pod hranici <em>Q<\/em><sub>355d<\/sub>, respektive <em>Q<\/em><sub>364d<\/sub> [8].<\/p>\n<p>V\u00a0povod\u00ed S\u00e1zavy k\u00a0profilu stanice \u017d\u010f\u00e1r nad S\u00e1zavou byl odtok z\u00a0povod\u00ed v\u00a0letech 2015, 2017 a\u00a02019 v\u00fdrazn\u011b vy\u0161\u0161\u00ed ne\u017e spadl\u00e9 sr\u00e1\u017eky (odtokov\u00e9 koeficienty v\u011bt\u0161\u00ed ne\u017e 1) a\u00a0rovn\u011b\u017e v\u00a0letech 2016 a\u00a02018 byly pod\u00edly odtoku v\u016f\u010di sr\u00e1\u017ek\u00e1m v\u00fdrazn\u011b vy\u0161\u0161\u00ed ne\u017e v\u00a0ostatn\u00edch zkouman\u00fdch povod\u00edch (krom\u011b Blatn\u00e9ho potoka). Odtoky z\u00a0povod\u00ed S\u00e1zavy jsou pravd\u011bpodobn\u011b zkreslen\u00e9 stavebn\u00edmi pracemi na vodn\u00edch d\u00edlech v\u00a0povod\u00ed a\u00a0vypou\u0161t\u011bn\u00edm Velk\u00e9ho D\u00e1\u0159ka p\u0159i v\u00fdlovu ryb na podzim. Detaily o\u00a0manipulac\u00edch v\u0161ak autor\u016fm v\u00a0dob\u011b zpracov\u00e1n\u00ed p\u0159\u00edsp\u011bvku nebyly zn\u00e1my. Velmi pravd\u011bpodobn\u011b doch\u00e1z\u00ed tak\u00e9 k\u00a0dotaci povrchov\u00e9ho odtoku z\u00a0ra\u0161elini\u0161\u0165 v\u00a0pramenn\u00e9 \u010d\u00e1sti, stejn\u011b jako u\u00a0povod\u00ed Blatn\u00e9ho rybn\u00edka.<\/p>\n<p>Ve v\u011bt\u0161in\u011b povod\u00ed byla maxim\u00e1ln\u00ed hodnota evapotranspirace v\u00a0\u010dervnu 2019, vysok\u00e9 hodnoty byly odvozeny i\u00a0v\u00a0roce 2017. Naopak ve velmi such\u00e9m a\u00a0sr\u00e1\u017ekov\u011b chud\u00e9m roce 2018 vych\u00e1zej\u00ed hodnoty evapotranspirace relativn\u011b n\u00edzk\u00e9. V\u00a0\u010dervnu 2019 byla tak\u00e9 na v\u0161ech povod\u00edch nejv\u011bt\u0161\u00ed z\u00e1porn\u00e1 hydrologick\u00e1 bilance ur\u010den\u00e1 podle v\u00fd\u0161e uveden\u00e9 rovnice (od 37 do 102 mm), co\u017e m\u016f\u017ee b\u00fdt zp\u016fsobeno ji\u017e zm\u00edn\u011bnou vysokou evapotranspirac\u00ed. Nejvy\u0161\u0161\u00edch hodnot nab\u00fdv\u00e1 evapotranspirace shodn\u011b v\u00a0m\u011bs\u00edc\u00edch \u010dervnu a\u00a0\u010dervenci. Lze tedy konstatovat, \u017ee z\u00a0pohledu evapotranspirace byl ve zkouman\u00e9 period\u011b 2015\u20132019 kritick\u00fdm rok 2019.<\/p>\n<p>Hydrologickou bilanci povod\u00ed v\u00fdznamn\u011b ovliv\u0148uj\u00ed manipulace na vodn\u00edch d\u00edlech a\u00a0mal\u00fdch vodn\u00edch n\u00e1dr\u017e\u00edch, vypou\u0161t\u011bn\u00ed p\u0159ed v\u00fdlovy rybn\u00edk\u016f, p\u0159evody vody atp. Pro spr\u00e1vn\u00e9 stanoven\u00ed hydrologick\u00e9 bilance je nezbytn\u00e9 m\u00edt tyto informace k\u00a0dispozici a\u00a0um\u011bt je p\u0159i v\u00fdpo\u010dtu bilance kvantifikovat. U\u00a0mal\u00fdch vodn\u00edch n\u00e1dr\u017e\u00ed je z\u00a0tohoto pohledu p\u0159esn\u00e1 kvantifikace veli\u010din hydrologick\u00e9 bilance \u0159\u00e1dov\u011b obt\u00ed\u017en\u011bj\u0161\u00ed ne\u017e pro velk\u00e1 \u00fazem\u00ed, jak je zpracov\u00e1v\u00e1 \u010cHM\u00da ve sv\u00fdch ka\u017edoro\u010dn\u00edch publikac\u00edch. Jako vhodn\u00e9 dopln\u011bn\u00ed do budoucna se jev\u00ed porovn\u00e1n\u00ed vybran\u00fdch povod\u00ed s\u00a0ohledem na odvozen\u00ed \u00fahrnu sr\u00e1\u017eek za cel\u00e9 zkouman\u00e9 p\u011btilet\u00ed 2015\u20132019 a\u00a0jeho porovn\u00e1n\u00ed s\u00a0norm\u00e1lov\u00fdm obdob\u00edm 1981\u20132010, a\u00a0to v\u00a0\u0161ir\u0161\u00edm prostorov\u00e9m m\u011b\u0159\u00edtku se zam\u011b\u0159en\u00edm na distribuci sr\u00e1\u017eek pro cel\u00e9 \u00fazem\u00ed \u010cR. Pro p\u0159esn\u011bj\u0161\u00ed zhodnocen\u00ed rozd\u00edl\u016f mezi jednotliv\u00fdmi povod\u00edmi by bylo tak\u00e9 vhodn\u00e9 roz\u0161\u00ed\u0159it zkouman\u00e9 lokality o\u00a0povod\u00ed na \u00fazem\u00ed z\u00e1padn\u00edch \u010cech a\u00a0Moravy. V\u00fdsledky prezentovan\u00e9 v\u00a0tomto p\u0159\u00edsp\u011bvku jsou sou\u010d\u00e1st\u00ed a\u00a0budou d\u00e1le vyu\u017eity p\u0159i \u0159e\u0161en\u00ed uveden\u00e9ho projektu TITSMZP809.<\/p>\n<h3>Pod\u011bkov\u00e1n\u00ed<\/h3>\n<p><em>Tento p\u0159\u00edsp\u011bvek vznikl v r\u00e1mci projektu Technologick\u00e9 agentury \u010cR programu BETA 2 s n\u00e1zvem TITSMZP809 \u201eVliv mal\u00fdch vodn\u00edch n\u00e1dr\u017e\u00ed na hladinu podzemn\u00edch vod a celkovou hydrologickou bilanci s d\u016frazem na such\u00e1 obdob\u00ed\u201c. Pod\u011bkov\u00e1n\u00ed d\u00e1le pat\u0159\u00ed koleg\u016fm Petru \u0160erclovi a Kl\u00e1\u0159e Sedl\u00e1kov\u00e9 za poskytnut\u00e1 rastrov\u00e1 data sr\u00e1\u017eek a evapotranspirace.<br \/>\n<\/em><\/p>\n<p><strong>P\u0159\u00edsp\u011bvek pro\u0161el lektorsk\u00fdm \u0159\u00edzen\u00edm.<\/strong><\/p>\n","protected":false},"excerpt":{"rendered":"<p>The contribution is aimed to the determination and assessment of a hydrological balance at selected watersheds in Czech Republic during the dry period 2015\u20132019. Hydrological balance was processed in gauging stations of watershed Blatn\u00fd stream, Lomnice, Skalice, \u017dehrovka, Javorka, Cidlina, Boti\u010d and upper S\u00e1zava river using data from Czech hydrometeorological institute. Monthly, long-term monthly and annual values were calculated for precipitation, runoff and evapotranspiration. Results were compared across the selected watersheds and with long-term period 1981\u20132010. Runoffs from watersheds were compared with gauging average discharge of an entire observation period.<\/p>\n","protected":false},"author":8,"featured_media":12396,"comment_status":"closed","ping_status":"closed","sticky":false,"template":"","format":"standard","meta":{"_acf_changed":false,"footnotes":""},"categories":[2,86],"tags":[121,2809,302,2810,2808],"coauthors":[1824,235,124],"class_list":["post-30902","post","type-post","status-publish","format-standard","has-post-thumbnail","hentry","category-from-the-world-of-water-management","category-hydraulics-hydrology-and-hydrogeology","tag-drought","tag-runoff-coefficient","tag-small-water-reservoirs","tag-time-series","tag-watershed-runoff"],"acf":[],"_links":{"self":[{"href":"https:\/\/www.vtei.cz\/en\/wp-json\/wp\/v2\/posts\/30902","targetHints":{"allow":["GET"]}}],"collection":[{"href":"https:\/\/www.vtei.cz\/en\/wp-json\/wp\/v2\/posts"}],"about":[{"href":"https:\/\/www.vtei.cz\/en\/wp-json\/wp\/v2\/types\/post"}],"author":[{"embeddable":true,"href":"https:\/\/www.vtei.cz\/en\/wp-json\/wp\/v2\/users\/8"}],"replies":[{"embeddable":true,"href":"https:\/\/www.vtei.cz\/en\/wp-json\/wp\/v2\/comments?post=30902"}],"version-history":[{"count":6,"href":"https:\/\/www.vtei.cz\/en\/wp-json\/wp\/v2\/posts\/30902\/revisions"}],"predecessor-version":[{"id":30908,"href":"https:\/\/www.vtei.cz\/en\/wp-json\/wp\/v2\/posts\/30902\/revisions\/30908"}],"wp:featuredmedia":[{"embeddable":true,"href":"https:\/\/www.vtei.cz\/en\/wp-json\/wp\/v2\/media\/12396"}],"wp:attachment":[{"href":"https:\/\/www.vtei.cz\/en\/wp-json\/wp\/v2\/media?parent=30902"}],"wp:term":[{"taxonomy":"category","embeddable":true,"href":"https:\/\/www.vtei.cz\/en\/wp-json\/wp\/v2\/categories?post=30902"},{"taxonomy":"post_tag","embeddable":true,"href":"https:\/\/www.vtei.cz\/en\/wp-json\/wp\/v2\/tags?post=30902"},{"taxonomy":"author","embeddable":true,"href":"https:\/\/www.vtei.cz\/en\/wp-json\/wp\/v2\/coauthors?post=30902"}],"curies":[{"name":"wp","href":"https:\/\/api.w.org\/{rel}","templated":true}]}}