{"id":16734,"date":"2015-09-23T17:27:32","date_gmt":"2015-09-23T16:27:32","guid":{"rendered":"https:\/\/www.vtei.cz\/?p=16734"},"modified":"2024-07-23T18:05:16","modified_gmt":"2024-07-23T17:05:16","slug":"professional-events-in-2015","status":"publish","type":"post","link":"https:\/\/www.vtei.cz\/en\/2015\/09\/professional-events-in-2015\/","title":{"rendered":"Professional events in 2015"},"content":{"rendered":"<h4>This article is available in Czech only. For translation or more information on this topic, please contact author.<\/h4>\n<p>P\u0159in\u00e1\u0161\u00edme V\u00e1m p\u0159ehled odborn\u00fdch akc\u00ed z&nbsp;oboru vodn\u00edho hospod\u00e1\u0159stv\u00ed konan\u00fdch v&nbsp;roce 2015 a&nbsp;tak\u00e9 posledn\u00ed akce konan\u00e9 v&nbsp;tomto roce, na kter\u00e9 se m\u016f\u017eete je\u0161t\u011b zaregistrovat.<br \/>\nOrganiza\u010dn\u00ed garance v\u011bt\u0161iny d\u00e1le uveden\u00fdch odborn\u00fdch akc\u00ed n\u00e1le\u017e\u00ed Ing. V\u00e1clavu Be\u010dv\u00e1\u0159i, CSc., tajemn\u00edkovi \u010cesk\u00e9 v\u011bdeckotechnick\u00e9 vodohospod\u00e1\u0159sk\u00e9 spole\u010dnosti, z. s., Novotn\u00e9ho l\u00e1vka 200\/5, 110&nbsp;00 Praha 1, tel.: 221&nbsp;082&nbsp;386, e &#8211; mail: voda@cvtvhs.cz. Podrobn\u011bj\u0161\u00ed informace a&nbsp;\u00fapln\u00fd p\u0159ehled m\u016f\u017eete nal\u00e9zt na str\u00e1nk\u00e1ch www.cvtvhs.cz.<\/p>\n<h2>ODBORN\u00c9 AKCE, KTER\u00c9 JI\u017d PROB\u011aHLY<\/h2>\n<h3><span style=\"color: #339966;\">JEZY A&nbsp;VODN\u00cd TURISTIKA<\/span><\/h3>\n<p>Semin\u00e1\u0159 se konal 7.&nbsp;dubna v&nbsp;Klubu technik\u016f na Novotn\u00e9ho l\u00e1vce za \u00fa\u010dasti 75 osob v\u010detn\u011b p\u0159edn\u00e1\u0161ej\u00edc\u00edch a&nbsp;host\u016f \u2013 student\u016f VO\u0160S a&nbsp;SP\u0160S v&nbsp;Du\u0161n\u00ed ulici s&nbsp;doprovodem. Po&nbsp;odborn\u00e9 str\u00e1nce akce splnila sv\u016fj \u00fa\u010del bezezbytku, pouze se o\u010dek\u00e1vala v\u011bt\u0161\u00ed \u00fa\u010dast ze sportovn\u00ed sf\u00e9ry. P\u0159ednesen\u00e9 prezentace jsou um\u00edst\u011bn\u00e9 ke sta\u017een\u00ed na www.cvtvhs.cz.<\/p>\n<h3><span style=\"color: #339966;\">SETK\u00c1N\u00cd \u0158EDITEL\u016e Z\u00c1VOD\u016e PP<\/span><\/h3>\n<p>Setk\u00e1n\u00ed se konalo dne 14.&nbsp;dubna. Jedn\u00e1n\u00ed se z\u00fa\u010dastnilo 13 z&nbsp;15 \u0159editel\u016f, spolu se \u010dleny v\u00fdboru \u010cVTVHS celkem 18 osob. Akce byla pokra\u010dov\u00e1n\u00edm ji\u017e dlouh\u00e9 tradice.<\/p>\n<h3><span style=\"color: #339966;\">VALN\u00c1 HROMADA<\/span><\/h3>\n<p>Konala se 13.&nbsp;kv\u011btna. Z\u00fa\u010dastnilo se j\u00ed 25 individu\u00e1ln\u00edch a&nbsp;\u010destn\u00fdch \u010dlen\u016f, 16 z\u00e1stupc\u016f p\u0159idru\u017een\u00fdch \u010dlen\u016f, 4 z\u00e1stupci pobo\u010dek dohromady s&nbsp;celkovou vahou hlas\u016f 125 ze 170 mo\u017en\u00fdch, tak\u017ee byla schopn\u00e1 usn\u00e1\u0161en\u00ed i&nbsp;voleb. Valn\u00e9 hromady se \u00fa\u010dastnilo i&nbsp;12 host\u016f, mezi n\u011b ale pat\u0159ili i&nbsp;z\u00e1stupci kolektivn\u00edch \u010dlen\u016f bez pov\u011b\u0159en\u00ed hlasovat a&nbsp;volit. Informace o&nbsp;v\u00fdsledku voleb a&nbsp;p\u0159ehled dal\u0161\u00edch schv\u00e1len\u00fdch dokument\u016f \u010di&nbsp;rozhodnut\u00ed nebo \u00fakol\u016f jsou obsa\u017eeny v&nbsp;usnesen\u00ed valn\u00e9 hromady a&nbsp;v&nbsp;z\u00e1pise z&nbsp;n\u00ed.<\/p>\n<h3><span style=\"color: #339966;\">N\u00c1RODN\u00cd DIALOG O&nbsp;VOD\u011a<\/span><\/h3>\n<p>Konal ve dnech 9.\u201310.&nbsp;\u010dervna tradi\u010dn\u011b na Medlov\u011b, pod organiza\u010dn\u00ed i&nbsp;odbornou gesc\u00ed V\u00daV. Odborn\u00fdm garantem akce byl Ing. Petr Bou\u0161ka, Ph.D., n\u00e1m\u011bstek \u0159editele V\u00daV. R\u00e1mcov\u00fdm t\u00e9matem leto\u0161n\u00edho ND byla Retence vody v&nbsp;krajin\u011b. Na N\u00e1rodn\u00ed dialog se p\u0159ihl\u00e1silo 119 z\u00e1jemc\u016f, z\u00fa\u010dastnilo se jich o&nbsp;5 m\u00e9n\u011b, mezi nimi 9 \u010dlen\u016f v\u00fdboru a&nbsp;KK. Program byl napln\u011bn bezezbytku, na z\u00e1v\u011br 1.&nbsp;dne jedn\u00e1n\u00ed byla Ing. Ladislavu Ka\u0161p\u00e1rkovi, CSc., a&nbsp;Ing. Janu Kub\u00e1tovi ud\u011blena \u010cNVH za celo\u017eivotn\u00ed v\u00fdznamnou pr\u00e1ci v&nbsp;oblasti hydrologie Cena A. R. Harlachera. Semin\u00e1\u0159 byl zakon\u010den shrnuj\u00edc\u00edm vystoupen\u00edm prof. Bro\u017ei. Podle ohlas\u016f \u00fa\u010dastn\u00edk\u016f na m\u00edst\u011b i&nbsp;v&nbsp;n\u00e1sledn\u00fdch sd\u011blen\u00edch byla oce\u0148ov\u00e1na vysok\u00e1 odborn\u00e1 i&nbsp;spole\u010densk\u00e1 \u00farove\u0148 N\u00e1rodn\u00edho dialogu a&nbsp;podporov\u00e1n z\u00e1m\u011br v&nbsp;tradici takov\u00e9 odborn\u00e9 akce pokra\u010dovat.<\/p>\n<h3><span style=\"color: #339966;\">CHARAKTERISTIKY MINIM\u00c1LN\u00cdCH PR\u016eTOK\u016e, JEJICH ODVOZOV\u00c1N\u00cd A&nbsp;POU\u017d\u00cdV\u00c1N\u00cd<\/span><\/h3>\n<p>Semin\u00e1\u0159 se konal 29.&nbsp;z\u00e1\u0159\u00ed, odborn\u00fd garant byl Ing. J. Kub\u00e1t (kubat@chmi.cz). Semin\u00e1\u0159e se z\u00fa\u010dastnilo 130 osob, z&nbsp;toho 23 pracovn\u00edk\u016f M\u00da a&nbsp;K\u00da. \u00da\u010dastn\u00edci obdr\u017eeli doprovodn\u00fd ti\u0161t\u011bn\u00fd materi\u00e1l k&nbsp;dan\u00e9 problematice p\u0159ipraven\u00fd p\u00e9\u010d\u00ed \u010cHM\u00da a&nbsp;V\u00daV (nikoliv sborn\u00edk) a&nbsp;\u010dasopis VTEI, jeho\u017e \u010d\u00edslo bylo zam\u011b\u0159eno na problematiku sucha. P\u0159ednesen\u00e9 p\u0159\u00edsp\u011bvky jsou um\u00edst\u011bn\u00e9 ke sta\u017een\u00ed na webu www.cvtvhs.cz.<\/p>\n<h3><span style=\"color: #339966;\">VODN\u00cd N\u00c1DR\u017dE 2015<\/span><\/h3>\n<p>Konference s&nbsp;mezin\u00e1rodn\u00ed \u00fa\u010dast\u00ed se konala 6. \u20137.&nbsp;\u0159\u00edjna v&nbsp;brn\u011bnsk\u00e9m hotelu Voron\u011b\u017e pod organiza\u010dn\u00ed i&nbsp;odbornou gesc\u00ed Povod\u00ed Moravy. \u010cVTVHS, z. s., se na p\u0159\u00edprav\u011b i&nbsp;pr\u016fb\u011bhu pod\u00edlela obdobn\u011b jako v&nbsp;roce 2013. Konference se z\u00fa\u010dastnilo 220 osob, p\u0159edneseno 30 p\u0159edn\u00e1\u0161ek a&nbsp;vystaveno 12 posterov\u00fdch prezentac\u00ed. Konferenci byla ud\u011blena akreditace MV jako vzd\u011bl\u00e1vac\u00edmu programu.<\/p>\n<h3><span style=\"color: #339966;\">PODZEMN\u00cd VODA VE VODOPR\u00c1VN\u00cdM \u0158\u00cdZEN\u00cd XII<\/span><\/h3>\n<p>Odborn\u00fd garant byl Ing. R. Muzik\u00e1\u0159, CSc. (radomir.muzikar@karneval.cz). Semin\u00e1\u0159 se konal 7.&nbsp;\u0159\u00edjna. Z\u00fa\u010dastnilo se jej 121 osob, z&nbsp;toho 37 pracovn\u00edk\u016f z&nbsp;m\u00edstn\u00edch a&nbsp;krajsk\u00fdch \u00fa\u0159ad\u016f \u2013 semin\u00e1\u0159i byla MV ud\u011blena akreditace jako vzd\u011bl\u00e1vac\u00edmu programu. Na semin\u00e1\u0159i byl vypl\u0148ov\u00e1n dotazn\u00edk zam\u011b\u0159en\u00fd na problematiku spr\u00e1vy podzemn\u00edch vod a&nbsp;v\u00fdsledky zpracuje odborn\u00fd garant s&nbsp;t\u00edm, \u017ee navrhne dal\u0161\u00ed postup ve spolupr\u00e1ci s&nbsp;p\u0159\u00edslu\u0161n\u00fdmi vh. institucemi. P\u0159ednesen\u00e9 p\u0159\u00edsp\u011bvky jsou um\u00edst\u011bn\u00e9 ke sta\u017een\u00ed na webu www.cvtvhs.cz.<\/p>\n<h2>ODBORN\u00c9 AKCE, KTER\u00c9 PROB\u011aHNOU<\/h2>\n<h3><span style=\"color: #339966;\">HAVARIJN\u00cd STAVY NA POVRCHOV\u00ddCH A&nbsp;PODZEMN\u00cdCH VOD\u00c1CH<\/span><\/h3>\n<p>Odborn\u00fdm garantem je Ing. B. M\u00fcller (725&nbsp;875&nbsp;880, mulerboh@seznam.cz). Semin\u00e1\u0159 se bude konat 19.&nbsp;listopadu v&nbsp;s\u00e1le 417 na Novotn\u00e9ho l\u00e1vce 5, Praha 1. K&nbsp;semin\u00e1\u0159i byla elektronicky rozesl\u00e1na pozv\u00e1nka a&nbsp;p\u0159ihl\u00e1\u0161ka, kter\u00e9 jsou rovn\u011b\u017e ke sta\u017een\u00ed na webu www.cvtvhs.cz.<\/p>\n<h3><span style=\"color: #339966;\">VODN\u00cd TOKY 2015<\/span><\/h3>\n<p>Konference s&nbsp;mezin\u00e1rodn\u00ed \u00fa\u010dast\u00ed se bude konat 24.\u201325.&nbsp;listopadu tradi\u010dn\u011b v&nbsp;hotelu \u010cernigov v&nbsp;Hradci Kr\u00e1lov\u00e9 pod odbornou i&nbsp;organiza\u010dn\u00ed gesc\u00ed VRV, a.s. \u010cVTVHS spole\u010dn\u011b se v\u0161emi st\u00e1tn\u00edmi podniky Povod\u00ed a&nbsp;Lesy \u010cR se bude pod\u00edlet na p\u0159\u00edprav\u011b i&nbsp;programu. Odborn\u00fdm garantem je Ing. Plechat\u00fd, p\u0159edseda p\u0159edstavenstva VRV. Byla distribuov\u00e1na z\u00e1vazn\u00e1 p\u0159ihl\u00e1\u0161ka pro \u00fa\u010dastn\u00edky \u2013 m\u016f\u017eete ji nal\u00e9zt na webov\u00fdch str\u00e1nk\u00e1ch www.cvtvhs.cz. Kontakt Sylvie Plechat\u00e1 (257&nbsp;110&nbsp;343, 731&nbsp;412&nbsp;641, plechata@vrv.cz)<\/p>\n<h3><span style=\"color: #339966;\">P\u0158\u00cdVALOV\u00c9 POVODN\u011a<\/span><\/h3>\n<p>Semin\u00e1\u0159 se bude konat 2.&nbsp;prosince v&nbsp;s\u00e1le Povod\u00ed Vltavy v&nbsp;Hole\u010dkov\u011b ulici v&nbsp;Praze 5. Odborn\u00fdm garantem je Ing. Miroslav Tesa\u0159, CSc., z&nbsp;\u00dastavu pro hydrodynamiku AV \u010cR (388&nbsp;426&nbsp;801, tesarihas@iol.cz), kter\u00fd p\u0159ipravuje semin\u00e1\u0159 v&nbsp;r\u00e1mci programu AV \u010cR Strategie 21.<\/p>\n<h3><span style=\"color: #339966;\">SEMIN\u00c1\u0158 ADOLFA PATERY 2015 \u2013 EXTR\u00c9MN\u00cd HYDROLOGICK\u00c9 JEVY V&nbsp;POVOD\u00cdCH<\/span><\/h3>\n<p>Odborn\u00fd garantem je doc. Dr. Ing. Pavel Fo\u0161umpaur z&nbsp;Katedry hydrotechniky \u010cVUT (224&nbsp;354&nbsp;425, fosumpaur@fsv.cvut.cz). Semin\u00e1\u0159 se bude konat 16.&nbsp;prosince v&nbsp;s\u00e1le 417 na Novotn\u00e9ho l\u00e1vce 5, Praha 1.<\/p>\n","protected":false},"excerpt":{"rendered":"<p>This article is available in Czech only. For translation or more information on this topic, please contact author. P\u0159in\u00e1\u0161\u00edme V\u00e1m p\u0159ehled odborn\u00fdch akc\u00ed z&nbsp;oboru vodn\u00edho hospod\u00e1\u0159stv\u00ed konan\u00fdch v&nbsp;roce 2015 a&nbsp;tak\u00e9 posledn\u00ed akce konan\u00e9 v&nbsp;tomto roce, na kter\u00e9 se m\u016f\u017eete je\u0161t\u011b zaregistrovat. Organiza\u010dn\u00ed garance v\u011bt\u0161iny d\u00e1le uveden\u00fdch odborn\u00fdch akc\u00ed n\u00e1le\u017e\u00ed Ing. V\u00e1clavu Be\u010dv\u00e1\u0159i, CSc., tajemn\u00edkovi \u010cesk\u00e9&#8230;  <a href=\"https:\/\/www.vtei.cz\/en\/2015\/09\/professional-events-in-2015\/\" class=\"more-link\" title=\"Read Professional events in 2015\">Read more &raquo;<\/a><\/p>\n","protected":false},"author":8,"featured_media":16781,"comment_status":"closed","ping_status":"closed","sticky":false,"template":"","format":"standard","meta":{"_acf_changed":false,"footnotes":"","_members_access_role":[],"_members_access_error":""},"categories":[2,86],"tags":[123,322,481],"coauthors":[245],"class_list":["post-16734","post","type-post","status-publish","format-standard","has-post-thumbnail","hentry","category-from-the-world-of-water-management","category-hydraulics-hydrology-and-hydrogeology","tag-events","tag-professional-event","tag-water-management"],"acf":[],"_links":{"self":[{"href":"https:\/\/www.vtei.cz\/en\/wp-json\/wp\/v2\/posts\/16734","targetHints":{"allow":["GET"]}}],"collection":[{"href":"https:\/\/www.vtei.cz\/en\/wp-json\/wp\/v2\/posts"}],"about":[{"href":"https:\/\/www.vtei.cz\/en\/wp-json\/wp\/v2\/types\/post"}],"author":[{"embeddable":true,"href":"https:\/\/www.vtei.cz\/en\/wp-json\/wp\/v2\/users\/8"}],"replies":[{"embeddable":true,"href":"https:\/\/www.vtei.cz\/en\/wp-json\/wp\/v2\/comments?post=16734"}],"version-history":[{"count":6,"href":"https:\/\/www.vtei.cz\/en\/wp-json\/wp\/v2\/posts\/16734\/revisions"}],"predecessor-version":[{"id":31388,"href":"https:\/\/www.vtei.cz\/en\/wp-json\/wp\/v2\/posts\/16734\/revisions\/31388"}],"wp:featuredmedia":[{"embeddable":true,"href":"https:\/\/www.vtei.cz\/en\/wp-json\/wp\/v2\/media\/16781"}],"wp:attachment":[{"href":"https:\/\/www.vtei.cz\/en\/wp-json\/wp\/v2\/media?parent=16734"}],"wp:term":[{"taxonomy":"category","embeddable":true,"href":"https:\/\/www.vtei.cz\/en\/wp-json\/wp\/v2\/categories?post=16734"},{"taxonomy":"post_tag","embeddable":true,"href":"https:\/\/www.vtei.cz\/en\/wp-json\/wp\/v2\/tags?post=16734"},{"taxonomy":"author","embeddable":true,"href":"https:\/\/www.vtei.cz\/en\/wp-json\/wp\/v2\/coauthors?post=16734"}],"curies":[{"name":"wp","href":"https:\/\/api.w.org\/{rel}","templated":true}]}}